{"id":45122,"date":"2014-07-28T12:00:42","date_gmt":"2014-07-28T11:00:42","guid":{"rendered":"https:\/\/www.transcend.org\/tms\/?p=45122"},"modified":"2015-05-05T21:33:36","modified_gmt":"2015-05-05T20:33:36","slug":"portugues-povos-de-todo-o-mundo-exigem-fim-do-genocidio-israelense-contra-palestinos","status":"publish","type":"post","link":"https:\/\/www.transcend.org\/tms\/2014\/07\/portugues-povos-de-todo-o-mundo-exigem-fim-do-genocidio-israelense-contra-palestinos\/","title":{"rendered":"(Portugu\u00eas) Povos de todo o mundo exigem fim do genoc\u00eddio israelense contra palestinos"},"content":{"rendered":"<p><a href=\"https:\/\/www.transcend.org\/tms\/wp-content\/uploads\/2014\/07\/Palestina-Fotos_Roberto-Parizoti-gaza-israel.gif\" ><img loading=\"lazy\" decoding=\"async\" class=\"aligncenter wp-image-45123 size-full\" src=\"https:\/\/www.transcend.org\/tms\/wp-content\/uploads\/2014\/07\/Palestina-Fotos_Roberto-Parizoti-gaza-israel.gif\" alt=\"Manifestantes cobram medidas para obrigar Israel a cumprir a lei internacional. At\u00e9 o fechamento desta edi\u00e7\u00e3o, no dia 21 de julho, n\u00famero de palestinos mortos ultrapassava 550, al\u00e9m de mais de 3.500 feridos. Roberto Parizoti\" width=\"800\" height=\"473\" \/><\/a>Foto: Manifestantes cobram medidas para obrigar Israel a cumprir a lei internacional. At\u00e9 o fechamento desta edi\u00e7\u00e3o, no dia 21 de julho, n\u00famero de palestinos mortos ultrapassava 550, al\u00e9m de mais de 3.500 feridos. Roberto Parizoti<\/p>\n<p><em>22 Julho 2014 &#8211;<\/em> Milhares de pessoas tomaram as ruas das principais cidades do planeta para exigir o fim imediato do genoc\u00eddio praticado por Israel contra o povo pales\u00adtino. De acordo com a organiza\u00e7\u00e3o Boi\u00adcote, Desinvestimento e San\u00e7\u00f5es (BDS), at\u00e9 21 de julho, data do fechamento des\u00adta edi\u00e7\u00e3o, o n\u00famero de palestinos mortos pelos bombardeios de avi\u00f5es e tanques israelenses ultrapassava 550, com mais de 3.500 feridos, sendo parte expressiva de idosos, mulheres e crian\u00e7as.<\/p>\n<p>Em rep\u00fadio \u00e0 carnificina, as grandes avenidas da Alemanha, Arg\u00e9lia, Col\u00f4m\u00adbia, Egito, Fran\u00e7a, Gr\u00e9cia, Indon\u00e9sia, Ir\u00adlanda, Estados Unidos e Turquia, entre outras dezenas de pa\u00edses, foram tomadas por multid\u00f5es vestindo o vermelho, ver\u00adde, preto e branco da bandeira palestina.<\/p>\n<p>\u201cAs manifesta\u00e7\u00f5es est\u00e3o crescendo em resposta aos cont\u00ednuos massacres israe\u00adlenses. S\u00e3o marchas que exigem n\u00e3o so\u00admente o fim da agress\u00e3o militar e da ocu\u00adpa\u00e7\u00e3o, mas cobram de seus pr\u00f3prios go\u00advernos que tomem medidas para obrigar Israel a cumprir a lei internacional\u201d, de\u00adclarou Maren Mantovani, da coordena\u00ad\u00e7\u00e3o do BDS.<\/p>\n<p>Uma demonstra\u00e7\u00e3o a mais do isola\u00admento da pol\u00edtica de terrorismo de Esta\u00addo de Israel, frisou Maren, \u00e9 que no s\u00e1\u00adbado, \u201c98 personalidades, incluindo seis pr\u00eamios Nobel, ativistas como Noam Chomsky e Roger Waters, um ex-juiz da Corte Internacional de Justi\u00e7a e os brasi\u00adleiros Frei Betto e Jo\u00e3o Fel\u00edcio, presiden\u00adte da Confedera\u00e7\u00e3o Sindical Internacio\u00adnal (CSI), pediram um embargo militar imediato e vinculante\u201d.<\/p>\n<p><strong>Da Rede Globo ao consulado<\/strong><\/p>\n<p>Na capital paulista os manifestantes se concentraram em frente ao pr\u00e9dio da Re\u00adde Globo \u2013 emissora acusada de ser c\u00fam\u00adplice do genoc\u00eddio ao acobertar os crimes sionistas \u2013, de onde sa\u00edram em passeata at\u00e9 a frente do consulado de Israel com faixas, bandeiras e cartazes contr\u00e1rios \u00e0 matan\u00e7a.<\/p>\n<p>Para o presidente da CSI, Jo\u00e3o Fel\u00edcio, \u201ca imprensa brasileira precisa parar de mentir, pois o que acontece na Palestina n\u00e3o \u00e9 uma guerra, mas um massacre, o assassinato de um povo por parte do go\u00adverno israelense\u201d.<\/p>\n<p>Da mesma forma que o regime de se\u00adgrega\u00e7\u00e3o racial foi derrotado na \u00c1frica do Sul com o cerco aos produtos do <em>apar\u00adtheid<\/em>, defendeu Fel\u00edcio, \u201c\u00e9 preciso orga\u00adnizar um amplo boicote aos produtos sio\u00adnistas para isolar Israel, inclusive cortan\u00addo rela\u00e7\u00f5es diplom\u00e1ticas, como j\u00e1 est\u00e3o fazendo v\u00e1rios governos\u201d.<\/p>\n<p>\u201cVamos fazer uma lista de produtos de capital israelense para que n\u00e3o sejam consumidos. Mais do que uma den\u00fancia, esta ser\u00e1 uma a\u00e7\u00e3o concreta, solid\u00e1ria. Chegou a hora de derrubarmos todos os muros que separam os povos, seja o que separa a Palestina de Israel ou o M\u00e9xico dos EUA. Precisamos de rela\u00e7\u00f5es harmo\u00adniosas e solid\u00e1rias\u201d, asseverou o presi\u00addente da CSI.<\/p>\n<p><strong>Fora invasores<\/strong><\/p>\n<p>\u201cEstamos aqui para exigir o fim dos bombardeios e a imediata retirada das tropas de ocupa\u00e7\u00e3o de Gaza\u201d, afirmou J\u00falio Turra, da executiva nacional da CUT, recordando que \u201cdesde 1948 o po\u00advo palestino luta pela sua sobreviv\u00eancia e pela constru\u00e7\u00e3o de seu Estado nacional, um direito que \u00e9 negado pelo imperialis\u00admo, que protege o sionismo assassino\u201d.<\/p>\n<p>\u201cA agress\u00e3o atual n\u00e3o \u00e9 um fato iso\u00adlado, mas um cap\u00edtulo da limpeza \u00e9tni\u00adca iniciada h\u00e1 66 anos, quando da cria\u00ad\u00e7\u00e3o do Estado de Israel em terras palesti\u00adnas\u201d, destacou.<\/p>\n<p>A faixa de Gaza \u00e9 atualmente a \u00e1rea mais densamente povoada do mundo, com 1,5 milh\u00e3o de habitantes confinados em apenas 360 quil\u00f4metros quadrados, submetidos a um bloqueio assassino que a converte em um gigantesco campo de concentra\u00e7\u00e3o a c\u00e9u aberto.<\/p>\n<p>Da mesma forma que em Gaza, a po\u00adpula\u00e7\u00e3o civil na Cisjord\u00e2nia tamb\u00e9m so\u00adfre com a pol\u00edtica de \u201cpuni\u00e7\u00e3o coletiva\u201d, s\u00f3 que de outra forma: demoli\u00e7\u00e3o de ca\u00adsas, mais de 5 mil presos pol\u00edticos, rou\u00adbo de \u00e1gua e cortes de energia el\u00e9trica que transformam a vida num verdadei\u00adro inferno.<\/p>\n<p>Diante do \u201cconsulado assassino\u201d, o presidente da Federa\u00e7\u00e3o \u00c1rabe Palesti\u00adna do Brasil (Fepal), Emir Mourad, pe\u00addiu um minuto de sil\u00eancio pelas crian\u00e7as v\u00edtimas da agress\u00e3o israelense. \u201cNeste momento, eu pe\u00e7o a todos os judeus do mundo que se livrem do sionismo, que \u00e9 contr\u00e1rio \u00e0 pr\u00f3pria ess\u00eancia do juda\u00eds\u00admo. Em nome da alma destas crian\u00e7as, Israel fora da Palestina!\u201d, enfatizou.<\/p>\n<p>O presidente da Central dos Trabalha\u00addores e Trabalhadoras do Brasil (CTB), Adilson Ara\u00fajo, denunciou a \u201ccompla\u00adc\u00eancia e a cumplicidade do governo dos Estados Unidos e do Conselho de Segu\u00adran\u00e7a da ONU com a brutal investida is\u00adraelense\u201d.<\/p>\n<p>\u201cEm defesa da democracia e da autode\u00adtermina\u00e7\u00e3o dos povos, somos todos pa\u00adlestinos\u201d, enfatizou.<\/p>\n<p>J\u00e1 a presidenta do Conselho Mundial da Paz, Socorro Gomes, frisou ser inacei\u00adt\u00e1vel o fato de o Estado sionista utilizar como argumento para a invas\u00e3o a morte de tr\u00eas jovens soldados\/colonos israelen\u00adses, sem qualquer comprova\u00e7\u00e3o de auto\u00adria, em circunst\u00e2ncias n\u00e3o esclarecidas. \u201cO fato \u00e9 que a humanidade n\u00e3o aceita mais o regime de <em>apartheid <\/em>e nem des\u00adculpas esfarrapadas do Estado terrorista de Israel para se chegar \u00e0 paz\u201d, disse.<\/p>\n<p>\u201cN\u00f3s sabemos qual a realidade vivida pelo povo palestino, por isso, viemos par\u00adticipar, ao lado dos nossos familiares, pa\u00adra mostrar que o Brasil diz n\u00e3o aos cri\u00admes de Israel\u201d, declarou Naval Khalil, que se somou ao ato junto aos dois fi\u00adlhos. Com a filha nos ombros e o menino de m\u00e3os dadas, Naval disse acreditar \u201cna for\u00e7a da press\u00e3o internacional para que a justi\u00e7a, enfim, prevale\u00e7a\u201d.<\/p>\n<p>Entre outras organiza\u00e7\u00f5es e partidos estiveram presentes a Via Campesina Brasil, Quilombo Ra\u00e7a e Classe, Marcha Mundial de Mulheres, PCdoB, PSOL e PSTU. O Movimento dos Trabalhadores Sem Teto (MTST) participou com uma grande delega\u00e7\u00e3o.<\/p>\n<p><a target=\"_blank\" href=\"http:\/\/www.brasildefato.com.br\/node\/29236\" >Go to Original \u2013 brasildefato.com.br<\/a><\/p>\n","protected":false},"excerpt":{"rendered":"<p>Em rep\u00fadio \u00e0 carnificina, as grandes avenidas da Alemanha, Arg\u00e9lia, Col\u00f4m\u00acbia, Egito, Fran\u00e7a, Gr\u00e9cia, Indon\u00e9sia, Ir\u00aclanda, Estados Unidos e Turquia, entre outras dezenas de pa\u00edses, foram tomadas por multid\u00f5es vestindo o vermelho, ver\u00acde, preto e branco da bandeira palestina.<\/p>\n","protected":false},"author":4,"featured_media":0,"comment_status":"open","ping_status":"open","sticky":false,"template":"","format":"standard","meta":{"footnotes":""},"categories":[46],"tags":[],"class_list":["post-45122","post","type-post","status-publish","format-standard","hentry","category-original-languages"],"_links":{"self":[{"href":"https:\/\/www.transcend.org\/tms\/wp-json\/wp\/v2\/posts\/45122","targetHints":{"allow":["GET"]}}],"collection":[{"href":"https:\/\/www.transcend.org\/tms\/wp-json\/wp\/v2\/posts"}],"about":[{"href":"https:\/\/www.transcend.org\/tms\/wp-json\/wp\/v2\/types\/post"}],"author":[{"embeddable":true,"href":"https:\/\/www.transcend.org\/tms\/wp-json\/wp\/v2\/users\/4"}],"replies":[{"embeddable":true,"href":"https:\/\/www.transcend.org\/tms\/wp-json\/wp\/v2\/comments?post=45122"}],"version-history":[{"count":0,"href":"https:\/\/www.transcend.org\/tms\/wp-json\/wp\/v2\/posts\/45122\/revisions"}],"wp:attachment":[{"href":"https:\/\/www.transcend.org\/tms\/wp-json\/wp\/v2\/media?parent=45122"}],"wp:term":[{"taxonomy":"category","embeddable":true,"href":"https:\/\/www.transcend.org\/tms\/wp-json\/wp\/v2\/categories?post=45122"},{"taxonomy":"post_tag","embeddable":true,"href":"https:\/\/www.transcend.org\/tms\/wp-json\/wp\/v2\/tags?post=45122"}],"curies":[{"name":"wp","href":"https:\/\/api.w.org\/{rel}","templated":true}]}}