{"id":54711,"date":"2015-03-09T12:00:13","date_gmt":"2015-03-09T12:00:13","guid":{"rendered":"https:\/\/www.transcend.org\/tms\/?p=54711"},"modified":"2015-05-05T21:26:00","modified_gmt":"2015-05-05T20:26:00","slug":"portugues-amnistia-internacional-denuncia-desrespeito-pelos-direitos-humanos-em-portugal","status":"publish","type":"post","link":"https:\/\/www.transcend.org\/tms\/2015\/03\/portugues-amnistia-internacional-denuncia-desrespeito-pelos-direitos-humanos-em-portugal\/","title":{"rendered":"(Portugu\u00eas) Amnistia Internacional denuncia desrespeito pelos Direitos Humanos em Portugal"},"content":{"rendered":"<table width=\"100%\">\n<tbody>\n<tr>\n<td><em>AI denuncia falta de condi\u00e7\u00f5es nas pris\u00f5es, discrimina\u00e7\u00e3o e viol\u00eancia contra as mulheres em Portugal.<\/em><\/p>\n<table width=\"368\">\n<tbody>\n<tr>\n<td>\n<p><div id=\"attachment_54712\" style=\"width: 375px\" class=\"wp-caption alignright\"><a href=\"https:\/\/www.transcend.org\/tms\/wp-content\/uploads\/2015\/03\/pris\u00f5es-portugal-amnistia-direitos-humanos.jpg\" ><img loading=\"lazy\" decoding=\"async\" aria-describedby=\"caption-attachment-54712\" class=\"wp-image-54712 size-full\" src=\"https:\/\/www.transcend.org\/tms\/wp-content\/uploads\/2015\/03\/pris\u00f5es-portugal-amnistia-direitos-humanos.jpg\" alt=\"Lu\u00eds Barra\" width=\"365\" height=\"238\" srcset=\"https:\/\/www.transcend.org\/tms\/wp-content\/uploads\/2015\/03\/pris\u00f5es-portugal-amnistia-direitos-humanos.jpg 365w, https:\/\/www.transcend.org\/tms\/wp-content\/uploads\/2015\/03\/pris\u00f5es-portugal-amnistia-direitos-humanos-300x196.jpg 300w\" sizes=\"auto, (max-width: 365px) 100vw, 365px\" \/><\/a><p id=\"caption-attachment-54712\" class=\"wp-caption-text\">Lu\u00eds Barra<\/p><\/div><\/td>\n<\/tr>\n<\/tbody>\n<\/table>\n<\/td>\n<\/tr>\n<tr>\n<td><em>3 Mar 2015 &#8211; <\/em>O relat\u00f3rio anual da organiza\u00e7\u00e3o de defesa dos Direitos Humanos Amnistia Internacional (AI) alerta Portugal para persist\u00eancia de problemas em \u00e1reas como as condi\u00e7\u00f5es prisionais, a discrimina\u00e7\u00e3o de comunidades ciganas ou a viol\u00eancia contra as mulheres.A organiza\u00e7\u00e3o tamb\u00e9m se refere \u00e0s medidas de austeridade que consideram terem afetado o exerc\u00edcio dos direitos econ\u00f3micos e sociais dos portugueses, instigando o governo a tomar medidas que protejam os grupos mais vulner\u00e1veis perante o contexto da crise econ\u00f3mica.<\/p>\n<p>A AI recorda que em dezembro de 2013 o Comit\u00e9 Contra a Tortura da ONU registou situa\u00e7\u00f5es de uso excessivo da for\u00e7a, sobrelota\u00e7\u00e3o e m\u00e1s condi\u00e7\u00f5es na pris\u00f5es nacionais, s\u00e3o especialmente visados os estabelecimentos prisionais de Santa Cruz do Bispo e de Lisboa.<\/p>\n<p>A sobrelota\u00e7\u00e3o do Centro de Acolhimento para Refugiados do Conselho Portugu\u00eas para os Refugiados, em Lisboa, tamb\u00e9m merece uma refer\u00eancia negativa.<\/p>\n<p>Relativamente \u00e0 discrimina\u00e7\u00e3o de comunidades ciganas, a organiza\u00e7\u00e3o condena a cria\u00e7\u00e3o de uma turma constitu\u00edda exclusivamente por alunos ciganos, entre os 7 e os 14 anos, numa escola de Tomar, sem que as autoridades o tenham impedido.<\/p>\n<p>A rejei\u00e7\u00e3o da coado\u00e7\u00e3o por pessoas do mesmo sexo tamb\u00e9m \u00e9 assinalada como uma limita\u00e7\u00e3o dos direitos de homossexuais e l\u00e9sbicas.<\/p>\n<p>O n\u00famero de mulheres mortas pelos companheiros ou ex-companheiros, 40 ao longo de 2014 (at\u00e9 novembro), de acordo com a organiza\u00e7\u00e3o UMAR &#8211; Uni\u00e3o de Mulheres Alternativa e Resposta, tamb\u00e9m \u00e9 apontada como uma situa\u00e7\u00e3o preocupante.<\/p>\n<p>No contexto internacional, a principal cr\u00edtica da AI \u00e9 a incapacidade dos Estados de fazerem frente aos Estados e grupos terroristas que cometem atrocidades contra civis. Consulte o relat\u00f3rio completo <a target=\"_blank\" href=\"http:\/\/www.amnistia-internacional.pt\/files\/Relatoriosvarios\/Relatorio%20Anual\/2014\/AnnualReport_English_AIR1415.pdf\" >aqui<\/a>.<\/td>\n<\/tr>\n<\/tbody>\n<\/table>\n<p><a target=\"_blank\" href=\"http:\/\/visao.sapo.pt\/amnistia-internacional-denuncia-desrespeito-pelos-direitos-humanos-em-portugal=f811585\" >Go to Original \u2013 sapo.pt<\/a><\/p>\n","protected":false},"excerpt":{"rendered":"<p>3 Mar 2015 &#8211; O relat\u00f3rio anual da organiza\u00e7\u00e3o de defesa dos Direitos Humanos Amnistia Internacional (AI) alerta Portugal para persist\u00eancia de problemas em \u00e1reas como as condi\u00e7\u00f5es prisionais, a discrimina\u00e7\u00e3o de comunidades ciganas ou a viol\u00eancia contra as mulheres.<\/p>\n","protected":false},"author":4,"featured_media":0,"comment_status":"open","ping_status":"open","sticky":false,"template":"","format":"standard","meta":{"footnotes":""},"categories":[46],"tags":[],"class_list":["post-54711","post","type-post","status-publish","format-standard","hentry","category-original-languages"],"_links":{"self":[{"href":"https:\/\/www.transcend.org\/tms\/wp-json\/wp\/v2\/posts\/54711","targetHints":{"allow":["GET"]}}],"collection":[{"href":"https:\/\/www.transcend.org\/tms\/wp-json\/wp\/v2\/posts"}],"about":[{"href":"https:\/\/www.transcend.org\/tms\/wp-json\/wp\/v2\/types\/post"}],"author":[{"embeddable":true,"href":"https:\/\/www.transcend.org\/tms\/wp-json\/wp\/v2\/users\/4"}],"replies":[{"embeddable":true,"href":"https:\/\/www.transcend.org\/tms\/wp-json\/wp\/v2\/comments?post=54711"}],"version-history":[{"count":0,"href":"https:\/\/www.transcend.org\/tms\/wp-json\/wp\/v2\/posts\/54711\/revisions"}],"wp:attachment":[{"href":"https:\/\/www.transcend.org\/tms\/wp-json\/wp\/v2\/media?parent=54711"}],"wp:term":[{"taxonomy":"category","embeddable":true,"href":"https:\/\/www.transcend.org\/tms\/wp-json\/wp\/v2\/categories?post=54711"},{"taxonomy":"post_tag","embeddable":true,"href":"https:\/\/www.transcend.org\/tms\/wp-json\/wp\/v2\/tags?post=54711"}],"curies":[{"name":"wp","href":"https:\/\/api.w.org\/{rel}","templated":true}]}}