{"id":56147,"date":"2015-04-06T12:20:51","date_gmt":"2015-04-06T11:20:51","guid":{"rendered":"https:\/\/www.transcend.org\/tms\/?p=56147"},"modified":"2021-02-19T09:15:53","modified_gmt":"2021-02-19T09:15:53","slug":"portugues-espiritualidade-e-virtude-como-corolarios-para-a-paz","status":"publish","type":"post","link":"https:\/\/www.transcend.org\/tms\/2015\/04\/portugues-espiritualidade-e-virtude-como-corolarios-para-a-paz\/","title":{"rendered":"(Portugu\u00eas) Espiritualidade e Virtude como Corol\u00e1rios para a Paz"},"content":{"rendered":"<div id=\"attachment_135385\" style=\"width: 310px\" class=\"wp-caption alignright\"><a href=\"https:\/\/www.transcend.org\/tms\/wp-content\/uploads\/2015\/04\/2010-Praga-Rep-Checa-Ano-Novo.jpg\" ><img loading=\"lazy\" decoding=\"async\" aria-describedby=\"caption-attachment-135385\" class=\"size-medium wp-image-135385\" src=\"https:\/\/www.transcend.org\/tms\/wp-content\/uploads\/2015\/04\/2010-Praga-Rep-Checa-Ano-Novo-300x210.jpg\" alt=\"\" width=\"300\" height=\"210\" srcset=\"https:\/\/www.transcend.org\/tms\/wp-content\/uploads\/2015\/04\/2010-Praga-Rep-Checa-Ano-Novo-300x210.jpg 300w, https:\/\/www.transcend.org\/tms\/wp-content\/uploads\/2015\/04\/2010-Praga-Rep-Checa-Ano-Novo-768x539.jpg 768w, https:\/\/www.transcend.org\/tms\/wp-content\/uploads\/2015\/04\/2010-Praga-Rep-Checa-Ano-Novo-1024x718.jpg 1024w, https:\/\/www.transcend.org\/tms\/wp-content\/uploads\/2015\/04\/2010-Praga-Rep-Checa-Ano-Novo.jpg 1688w\" sizes=\"auto, (max-width: 300px) 100vw, 300px\" \/><\/a><p id=\"caption-attachment-135385\" class=\"wp-caption-text\">O autor em Praga, Rep\u00fablica Checa, Ano Novo 2009<\/p><\/div>\n<p style=\"text-align: left;\"><a href=\"https:\/\/www.transcend.org\/tms\/2013\/03\/spirituality-and-virtue-as-corollaries-to-peace\/\" ><em><strong>(Read the English version HERE)<\/strong><\/em><\/a><\/p>\n<p style=\"text-align: left; padding-left: 30px;\"><strong>Consci\u00eancia:<\/strong> certo\/errado<\/p>\n<p style=\"text-align: left; padding-left: 30px;\"><strong>Mente:<\/strong> gosto\/n\u00e3o gosto, quero\/n\u00e3o quero<\/p>\n<p style=\"text-align: left; padding-left: 30px;\"><strong>Intelig\u00eancia-Intelecto-Conhecimento-Ignor\u00e2ncia-Emo\u00e7\u00f5es:<\/strong> instrumentos<\/p>\n<p style=\"text-align: left; padding-left: 30px;\"><strong>Pensamento-Fala-Sentidos:<\/strong> canais de comunica\u00e7\u00e3o<\/p>\n<p><em>Subtra\u00edmos, reduzimos a realidade quando nos concentramos quase que exclusivamente no nosso intelecto, conhecimento e intelig\u00eancia ao avaliamos como poderiam ou deveriam ser o presente e o futuro.<br \/>\n<\/em><\/p>\n<p>Fico fascinado com a evolu\u00e7\u00e3o cient\u00edfica, particularmente nos ramos da astronomia, cosmologia, f\u00edsica qu\u00e2ntica e medicina. Avan\u00e7os m\u00e9dico-tecnol\u00f3gicos desvendaram o interior do c\u00e9rebro humano, por n\u00f3s considerado <em>superior,<\/em> o qual \u00e9 t\u00e3o complexo, din\u00e2mico e fascinante como o pr\u00f3prio universo. E cientistas continuam a enviar para o espa\u00e7o mensagens \u201cinteligentes\u201d na esperan\u00e7a de que outros seres tamb\u00e9m \u201cinteligentes\u201d as recebam e lhes retransmitam respostas, completando assim a experi\u00eancia humana que mudar\u00e1 para sempre a vida, um <em>encontro imediato<\/em> de um grau qualquer. Eles assumem que seres \u2018l\u00e1 fora\u2019 possuam mentes e intelectos similares aos nossos.<\/p>\n<p>Por\u00e9m: E se seres extraterrestres, na eventualidade de existirem, n\u00e3o estiverem interessados em intelig\u00eancia\/conhecimento mas em qualidades diferentes? Como, por exemplo, civiliza\u00e7\u00e3o e \u00e9tica avan\u00e7adas, c\u00f3digos morais elevados, consci\u00eancia desenvolvida,\u00a0 avan\u00e7o espiritual ao inv\u00e9s de avan\u00e7o material, aus\u00eancia de agressividade? Ou outros fatores n\u00e3o tang\u00edveis e portanto fora do escopo das ci\u00eancias humanas contempor\u00e2neas?<\/p>\n<p>Alguns fil\u00f3sofos discorreram elegantemente sobre essas qualidades intang\u00edveis. Mas no nosso s\u00e9culo XXI pragm\u00e1tico, emp\u00edrico, materialista, selvagem, beligerante, utilitarista, realista, cient\u00edfico, tecnol\u00f3gico e tecnocr\u00e1tico, tais discursos s\u00e3o considerados exerc\u00edcios em futilidade. Pessoas s\u00e9rias, que pensam s\u00e9riamente em coisas s\u00e9rias, n\u00e3o se ocupam com aspectos imateriais, n\u00e3o emp\u00edricos. Um pa\u00eds \u201cavan\u00e7ado\u201d \u00e9 definido por elas como o que possui maior pot\u00eancia b\u00e9lica, supremacia econ\u00f4mica, e com maior capacidade de dominar a outros \u2014 por qualquer meio necess\u00e1rio. N\u00e3o diferente de animais, insetos e aves em estado selvagem. O nome deste jogo \u00e9 <em>concorr\u00eancia<\/em>, sendo que <em>solidariedade<\/em>, se bem que louv\u00e1vel, n\u00e3o tem futuro. \u00c9 a sobreviv\u00eancia do mais forte, segundo a teoria (n\u00e3o um fato) da evolu\u00e7\u00e3o (material) de Darwin.<\/p>\n<p><em>Virtude<\/em> \u00e9 um defeito de car\u00e1ter que deve ser escondido, ou melhor, suprimido, para quem quiser ser bem sucedido no mundo moderno. Pois uma pessoa virtuosa ser\u00e1 tida e tratada como se fosse ing\u00eanua, simpl\u00f3ria, com QI inferior, ignorante, uma idiota. Humildade \u00e9 para determinadas classes de pessoas (os santos, por exemplo). N\u00e3o se deve exibir sequer apar\u00eancia de humildade para evitar ser socialmente pisoteado. Somos socializados, condicionados, educados, governados a acreditar em tais preconceitos culturais\/estruturais do nascimento ao caix\u00e3o. \u00c9 o que pessoas razo\u00e1veis esperam de outras pessoas igualmente razo\u00e1veis. N\u00e3o evoluidas. Razo\u00e1veis.<\/p>\n<p>Cientistas teorizam e avan\u00e7am hip\u00f3teses sobre espa\u00e7os multi-dimensionais, teoria das cordas, <em>brane theory<\/em> e universos m\u00faltiplos, os quais s\u00e3o vislumbrados e\/ou imaginados unicamente em equa\u00e7\u00f5es e modelos criados a partir das limita\u00e7\u00f5es dos conhecimentos e intelig\u00eancias dos pr\u00f3prios \u2013 respeit\u00e1veis, num contexto terreno. Por\u00e9m, acreditar em tais hip\u00f3teses matem\u00e1ticas n\u00e3o \u00e9 muito diferente de acreditar em hip\u00f3teses baseadas em espiritualidade e consci\u00eancia. O dominador comum permanece: a <em>cren\u00e7a<\/em>.<\/p>\n<p>E se os extraterrestres n\u00e3o estiverem interessados em selvagens inteligentes e com conhecimentos? Os quais, organizados em grupos, encontram-se no apogeu da sua capacidade e inclina\u00e7\u00e3o para explorar, matar, mutilar, torturar, causar dor e sofrimento uns aos outros e a outros animais \u2013 sem remorso \u2013 em um planeta onde eles s\u00e3o parasitas\/predadores? Cujos historiadores definem <em>hist\u00f3ria<\/em> como relatos \u00e9picos de conquistas, guerras, batalhas, invas\u00f5es, genoc\u00eddios, carnificinas,, derramamento de sangue, escravid\u00e3o, fome, crimes? Exaltando como <em>her\u00f3is<\/em> a l\u00edderes e estrategistas militares que se dedicam exclusivamente a ferir, matar e destruir? Onde o conceito de virtude foi sequestrado e distorcido tanto por religi\u00f5es vigentes como por militares?<\/p>\n<p>E se eles n\u00e3o morrerem de admira\u00e7\u00e3o pelas fa\u00e7anhas e inven\u00e7\u00f5es cient\u00edfico-tecnol\u00f3gicas, frutos da nossa intelig\u00eancia superior, sendo usadas primariamente para perpetuar conflitos armados, vendetas, vingan\u00e7as, crueldades, controles sociais-culturais-econ\u00f4micos, e amea\u00e7a de Armagedom se os mais fortes n\u00e3o obtiverem o que querem? Com na\u00e7\u00f5es compostas de pessoas desprovidas de qualquer semelhan\u00e7a com a defini\u00e7\u00e3o po\u00e9tica e idealizada de um \u2018ser humano\u2019 civilizado, sapiens, superior? E se eles estiverem interessados numa evolu\u00e7\u00e3o espiritual ao inv\u00e9s desta evolu\u00e7\u00e3o material (uma contradi\u00e7\u00e3o em t\u00earmos)? Seria este o motivo de autoridades pol\u00edticas e militares nunca terem sido visitadas ou procuradas por supostos visitantes extraterrestres ao nosso planeta? Steven Spielberg esteve, talvez, mais pr\u00f3ximo da realidade, com o enredo de seu filme de 1982, ET \u2013 um record de bilheteria.<\/p>\n<p>H\u00e1 tribos na Amaz\u00f4nia que n\u00e3o foram ainda contactadas se bem que saibamos h\u00e1 d\u00e9cadas que elas existem. Temos fotos delas. Mas os nativos mostram um grau de agressividade\/ignor\u00e2ncia tal que n\u00e3o faz sentido para as autoridades brasileiras tentar um contato direto. Pois eles poderiam ser mortos \u2014 ou matarem \u2014 desnecessariamente no processo. Eles arremessam flexas [a sua tecnologia] contra avi\u00f5es, os seus OVNIs. N\u00f3s, por outro lado, temos armas nucleares prontas para os nossos OVNIs, os quais insistem em nos sobrevoar sem explica\u00e7\u00f5es plaus\u00edveis. Aud\u00e1cia! Eles<em> t\u00eam de ser<\/em> mal\u00edgnos.<\/p>\n<p>\u00c9 aqui que as nossas inteligencias e intelectos superiores falham. Tenho motivos para crer que a natureza, o universo, a pr\u00f3pria vida (vamos deixar os deuses fora disto) nos \u2018programaram\u2019 para sermos seres superiores, elevados em virtude, bondade, justi\u00e7a, integridade, \u00e9tica, honestidade, moralidade, honestidade, consci\u00eancia evolu\u00edda, e n\u00e3o meramente para ficarmos mais ricos, mais sexys, mais espertos e mais experientes para dominarmos tudo e todos que contemplamos \u2014 se necess\u00e1rio pela for\u00e7a. A realidade n\u00e3o \u00e9 reduzivel a tal mediocridade. O perigo \u00e9 que pessoas com \u2018autoridade\u2019, que se julguem \u2018mais inteligentes\u2019, e definitivamente mais agressivas (isto \u00e9, menos civilizadas) possam fazer explodir o planeta por meio de uma guerra termonuclear, criando assim um segundo cintur\u00e3o de aster\u00f3ides ao redor do sol.<\/p>\n<p>No entanto, recuso-me a vislumbrar este cen\u00e1rio apocal\u00edptico no nosso futuro. Assim como discordo do autor nobelista William Goldman em seu aclamado romance, <em>Lord of the Flies (O Senhor das Moscas)<\/em>, que retrata estudantes adolescentes ingleses perdidos numa ilha deserta, ap\u00f3s um acidente de avi\u00e3o, os quais descambam para selvageria e at\u00e9 mesmo canibalismo, dividindo-se em \u201ctribos\u201d, em um per\u00edodo de apenas alguns meses. Pelo contr\u00e1rio, o movimento natural dos seres \u00e9 evoluir, melhorar, aperfei\u00e7oar \u2014 se com contratempos.<\/p>\n<p>Todo <em>Yin<\/em> carrega em si o seu oposto, <em>Yang<\/em> \u2014 e vice-versa \u2013, em um movimento c\u00f3smico de reciclagem eterno e infinito. A energia nunca \u00e9 destru\u00edda, apenas transformada. E na evolu\u00e7\u00e3o espiritual, nunca h\u00e1 perda.<\/p>\n<p>Quando conheci o autor de <em>O Tao da F\u00edsica<\/em>, Fritjof Capra, na Universidade do Hava\u00ed nos anos 80, ele me disse, sorrindo: \u201cQuando n\u00f3s, os f\u00edsicos, chegarmos ao cume da montanha, seremos recebidos por m\u00edsticos e espiritualistas que dir\u00e3o: \u2018porque demoraram tanto\u2018\u201d? Os f\u00edsicos, astronomos, cosm\u00f3logos e matem\u00e1ticos de hoje est\u00e3o mais pr\u00f3ximos do cume com a sua busca da evasiva\u201dpart\u00edcula de Deus\u201d <em><a target=\"_blank\" href=\"http:\/\/news.yahoo.com\/confirmed-newfound-particle-higgs-130317830.html\" >\u2018God particle,\u2019<\/a><\/em> tamb\u00e9m conhecida como b\u00f3son de Higgs \u2013 mas com seus preconceitos contra a espiritualidade intactos. Stephen Hawking, supostamente uma das pessoas mais inteligentes do planeta, tenta converter outros \u00e0 sua cren\u00e7a de que o universo \u201cn\u00e3o precisa de deus\u201d. O subtexto sendo que o universo \u00e9 um deus em si e por si pr\u00f3prio. Albert Einstein, no entanto, \u00e9 a exce\u00e7\u00e3o que confirma a regra, tal como Carl Jung. E Gandhi, \u00e9 claro, a ant\u00edtese de um pol\u00edtico.<\/p>\n<p>O processo de viver pacificamente depende pois do grau de avan\u00e7o espiritual (e n\u00e3o religioso), como um corol\u00e1rio para mudan\u00e7as de paradigmas sociol\u00f3gicos e de externalidades sociais. <em>Estudos de Paz e de Conflito<\/em>, entre outros fatores civilizadores para os seres humanos, representam, assim, a receita, o mapa para o cume da montanha. A paz \u00e9 um trabalho interior e tamb\u00e9m exterior; um processo para indiv\u00edduos, \u00f3rg\u00e3os sociais e coletividades trilharem permanentemente. O planeta sendo o <em>indiv\u00edduo supremo e \u00faltimo<\/em>.<\/p>\n<p>Concordo com a afirma\u00e7\u00e3o do Prof. Johan Galtung, de que o intelectual e o emocional fluem juntos mentalmente. E com Mahatma Gandhi, de que a paz n\u00e3o \u00e9 divorciada da espiritualidade. Tudo tem in\u00edcio e cresce dentro do indiv\u00edduo, manifestando-se depois na sociedade. Ou n\u00e3o.<\/p>\n<p><em>________________________________________________<\/em><\/p>\n<p style=\"padding-left: 40px;\"><em><a href=\"https:\/\/www.transcend.org\/tms\/wp-content\/uploads\/2018\/09\/set-2018-Porto2-e1560092411339.jpg\" ><img loading=\"lazy\" decoding=\"async\" class=\"alignleft size-full wp-image-119407\" src=\"https:\/\/www.transcend.org\/tms\/wp-content\/uploads\/2018\/09\/set-2018-Porto2-e1560092411339.jpg\" alt=\"\" width=\"100\" height=\"178\" \/><\/a><\/em><em>Antonio Carlos da Silva Rosa, born 1946, is founder-editor of the pioneering Peace Journalism website, <\/em><a href=\"http:\/\/www.transcend.org\/tms\/\" >TRANSCEND Media Service-TMS<\/a><em> (from 2008), an assistant to Prof. Johan Galtung, Secretary of the International Board of the <\/em><a href=\"http:\/\/www.transcend.org\/\" >TRANSCEND Network for Peace Development Environment<\/a><em>, and <strong>recipient of the <\/strong><\/em><strong><em>Psychologists for Social Responsibility\u2019s<\/em><\/strong><em><strong> 2017 Anthony J. Marsella <a href=\"https:\/\/www.transcend.org\/tms\/2017\/09\/tms-editor-receives-prize-for-peace-and-social-justice\/\" >Prize<\/a><\/strong> for the Psychology of Peace and Social Justice<\/em><strong><em>.<\/em><\/strong><em> He completed the required coursework for a Ph.D. in Political Science-Peace Studies (1994), has a Masters in Political Science-International Relations (1990), and a B.A. in Communication (1988) from the <a target=\"_blank\" href=\"https:\/\/manoa.hawaii.edu\/\" >University of Hawai\u2019i<\/a>. Originally from Brazil, he lives presently in Porto, Portugal. Antonio was educated in the USA where he lived for 20 years; in Europe-India since 1994. <strong>Books: <\/strong><\/em><a href=\"https:\/\/www.transcend.org\/tup\/index.php?book=45\" >Transcender e Transformar: Uma Introdu\u00e7\u00e3o ao Trabalho de Conflitos<\/a> <em>(from Johan Galtung, translation to Portuguese, 2004); <\/em><a href=\"https:\/\/www.transcend.org\/tup\/index.php?book=27\" >Peace Journalism: 80 Galtung Editorials on War and Peace<\/a> <em>(2010, editor)<\/em>; <a href=\"https:\/\/www.transcend.org\/tup\/index.php?book=32\" >Cobertura de Conflitos: Jornalismo para a Paz<\/a> <em>(from Johan Galtung, Jake Lynch &amp; Annabel McGoldrick, translation to Portuguese, 2010). <\/em>TMS <em>articles by Antonio <a href=\"https:\/\/www.transcend.org\/tms\/author\/?a=Antonio+C.+S.+Rosa\" >HERE<\/a>. Videos <a href=\"https:\/\/www.transcend.org\/tms\/2018\/12\/meet-antonio-c-s-rosa-pioneer-in-peace-journalism-be-the-change-enter-peace-journalism-parts-1-2\/\" >HERE<\/a> and <a href=\"https:\/\/www.transcend.org\/tms\/2018\/01\/an-appeal-to-the-transcend-membership-by-tms-editor-antonio-c-s-rosa\/\" >HERE<\/a>.<\/em><\/p>\n","protected":false},"excerpt":{"rendered":"<p>Quando conheci o autor de O Tao da F\u00edsica, Fritjof Capra, na Universidade do Hava\u00ed nos anos 80, ele me disse, sorrindo: \u201cQuando n\u00f3s, os f\u00edsicos, chegarmos ao cume da montanha, seremos recebidos por m\u00edsticos e espiritualistas que dir\u00e3o: \u2018porque demoraram tanto\u2018\u201d? Estudos de Paz e de Conflito, entre outros fatores civilizadores para os seres humanos, representam a receita, o mapa para o cume da montanha. Tudo tem in\u00edcio e cresce dentro do indiv\u00edduo, manifestando-se depois na sociedade. Ou n\u00e3o.<\/p>\n","protected":false},"author":4,"featured_media":135385,"comment_status":"open","ping_status":"open","sticky":false,"template":"","format":"standard","meta":{"footnotes":""},"categories":[46],"tags":[804,803,801,1156,1170,1183,802,308,304,805,461,800,938],"class_list":["post-56147","post","type-post","status-publish","format-standard","has-post-thumbnail","hentry","category-original-languages","tag-belief","tag-competition","tag-consciousness","tag-extraterrestrial-life","tag-life","tag-metaphysics","tag-morality","tag-philosophy","tag-science","tag-spirituality","tag-technology","tag-truth","tag-universe"],"_links":{"self":[{"href":"https:\/\/www.transcend.org\/tms\/wp-json\/wp\/v2\/posts\/56147","targetHints":{"allow":["GET"]}}],"collection":[{"href":"https:\/\/www.transcend.org\/tms\/wp-json\/wp\/v2\/posts"}],"about":[{"href":"https:\/\/www.transcend.org\/tms\/wp-json\/wp\/v2\/types\/post"}],"author":[{"embeddable":true,"href":"https:\/\/www.transcend.org\/tms\/wp-json\/wp\/v2\/users\/4"}],"replies":[{"embeddable":true,"href":"https:\/\/www.transcend.org\/tms\/wp-json\/wp\/v2\/comments?post=56147"}],"version-history":[{"count":0,"href":"https:\/\/www.transcend.org\/tms\/wp-json\/wp\/v2\/posts\/56147\/revisions"}],"wp:featuredmedia":[{"embeddable":true,"href":"https:\/\/www.transcend.org\/tms\/wp-json\/wp\/v2\/media\/135385"}],"wp:attachment":[{"href":"https:\/\/www.transcend.org\/tms\/wp-json\/wp\/v2\/media?parent=56147"}],"wp:term":[{"taxonomy":"category","embeddable":true,"href":"https:\/\/www.transcend.org\/tms\/wp-json\/wp\/v2\/categories?post=56147"},{"taxonomy":"post_tag","embeddable":true,"href":"https:\/\/www.transcend.org\/tms\/wp-json\/wp\/v2\/tags?post=56147"}],"curies":[{"name":"wp","href":"https:\/\/api.w.org\/{rel}","templated":true}]}}