{"id":60617,"date":"2015-07-06T12:00:40","date_gmt":"2015-07-06T11:00:40","guid":{"rendered":"https:\/\/www.transcend.org\/tms\/?p=60617"},"modified":"2015-07-05T12:58:39","modified_gmt":"2015-07-05T11:58:39","slug":"espanol-colombia-la-catedra-de-la-paz","status":"publish","type":"post","link":"https:\/\/www.transcend.org\/tms\/2015\/07\/espanol-colombia-la-catedra-de-la-paz\/","title":{"rendered":"(Castellano) Colombia: La C\u00e1tedra de la Paz"},"content":{"rendered":"<p><em>. . . Educaci\u00f3n para la Paz . . .<\/em><\/p>\n<p><em>28 jun 2015 &#8211; <\/em>En desarrollo de la ley 1732 del 2014, el gobierno nacional acaba de dictar el decreto \u201cpor el cual se reglamente la c\u00e1tedra de la Paz en todas las Instituciones educativas del Pa\u00eds\u201d.<\/p>\n<p><a href=\"https:\/\/www.transcend.org\/tms\/wp-content\/uploads\/2015\/07\/colombia-teaching-peace-law.jpg\" ><img loading=\"lazy\" decoding=\"async\" class=\"aligncenter wp-image-60510\" src=\"https:\/\/www.transcend.org\/tms\/wp-content\/uploads\/2015\/07\/colombia-teaching-peace-law.jpg\" alt=\"colombia teaching peace law\" width=\"500\" height=\"317\" srcset=\"https:\/\/www.transcend.org\/tms\/wp-content\/uploads\/2015\/07\/colombia-teaching-peace-law.jpg 673w, https:\/\/www.transcend.org\/tms\/wp-content\/uploads\/2015\/07\/colombia-teaching-peace-law-300x190.jpg 300w\" sizes=\"auto, (max-width: 500px) 100vw, 500px\" \/><\/a><\/p>\n<p>Se prev\u00e9 en su art. 2\u00ba que \u201cpara responder al mandato constitucional consagrado en los arts. 22 y 41 de la Constituci\u00f3n Nacional, el car\u00e1cter de la c\u00e1tedra de la Paz, ser\u00e1 obligatorio\u201d. Se decreta as\u00ed mismo que \u201cla c\u00e1tedra tendr\u00e1 como objetivo crear y consolidar un espacio para el aprendizaje, la reflexi\u00f3n y el dialogo sobre la cultura de la paz y el desarrollo sostenible que contribuya al bienestar general y el mejoramiento de la calidad de vida de la poblaci\u00f3n\u201d.<\/p>\n<p>Hist\u00f3ricamente est\u00e1 demostrado que es mucho m\u00e1s productivo, civilizado y proactivo, invertir en la paz que en el negocio criminal de los traficantes de armas, mercenarios y beneficiarios de las guerras.<\/p>\n<p>Para Colombia, m\u00e1s de 60 a\u00f1os de violencia, cerca de 300.000 muertos, millones de desplazados, miles de desaparecidos, heridos y falsos positivos, masacres, millones de hu\u00e9rfanos; deben ser m\u00e1s que suficientes para decir basta a la incultura de la muerte, a la paz de los sepulcros y s\u00ed a la vida, a la convivencia pac\u00edfica, al imperio de la justicia la concordia y el respeto a la diferencia.<\/p>\n<p>En tal sentido, estas nuevas normas, son un buen aporte pedag\u00f3gico para que desde la escuela, el colegio, la familia, la universidad; acompa\u00f1ados de entes administrativos, judiciales, eclesi\u00e1sticos, militares, policiales, sociales, empresariales, etc., se empiece a implementar integralmente el rechazo al belicismo, al matoneo, al bullying y a toda forma violenta, agresiva o armada de resolver los problemas, desechando que ahora existen medios alternativos, de justicia, procesal, extra procesal, como mecanismos espec\u00edficos solucionadores de conflictos.<\/p>\n<p>Son ejes centrales de esta ley: la cultura de paz y el desarrollo sostenible a implementar en los p\u00e9nsum acad\u00e9micos que deben incorporar antes del 31 de diciembre del 2015; en las \u00e1reas de ciencias sociales, historia, geograf\u00eda, constituci\u00f3n pol\u00edtica y democracia, ciencias naturales, educaci\u00f3n ambiental, \u00e9tica, valores y principios humanos.<\/p>\n<p>Se sobre entiende que los docentes que orienten estas c\u00e1tedras deber\u00e1n ser calificados, cualificados y experimentados en las \u00e1reas acad\u00e9micas citadas, pues de lo contrario, el esfuerzo ser\u00e1 contraproducente, ya que ser\u00eda tanto como colocar a satan\u00e1s a ense\u00f1ar la Biblia.<\/p>\n<p>As\u00ed las cosas, nos debemos preguntar: \u00bfCu\u00e1ndo los centros educativos del Quind\u00edo y el resto del pa\u00eds, tanto p\u00fablicos como privados, empezar\u00e1n a incorporar en sus programas acad\u00e9micos, esta c\u00e1tedra oficial?, \u00bfCu\u00e1ndo los colombianos comenzaremos a desarmar nuestros propios esp\u00edritus, y la mayor\u00eda de medios de comunicaci\u00f3n a ser verdaderamente objetivos, veraces e imparciales?<\/p>\n<p>Sobre esos par\u00e1metros, bienvenida la c\u00e1tedra de la paz, de principios y valores de que hemos adolecido en estos 60 a\u00f1os de guerra y violencia fratricida entre hermanos.<\/p>\n<p><a target=\"_blank\" href=\"http:\/\/cpnn-world.org\/new\/?p=3169\" >Go to Original \u2013 cpnn-world.org<\/a><\/p>\n","protected":false},"excerpt":{"rendered":"<p>28 jun 2015 &#8211; En desarrollo de la ley 1732 del 2014, el gobierno nacional acaba de dictar el decreto \u201cpor el cual se reglamente la c\u00e1tedra de la Paz en todas las Instituciones educativas del Pa\u00eds. Para responder al mandato constitucional consagrado en los arts. 22 y 41 de la Constituci\u00f3n Nacional, el car\u00e1cter de la c\u00e1tedra de la Paz, ser\u00e1 obligatorio\u201d.<\/p>\n","protected":false},"author":4,"featured_media":0,"comment_status":"open","ping_status":"open","sticky":false,"template":"","format":"standard","meta":{"footnotes":""},"categories":[46],"tags":[],"class_list":["post-60617","post","type-post","status-publish","format-standard","hentry","category-original-languages"],"_links":{"self":[{"href":"https:\/\/www.transcend.org\/tms\/wp-json\/wp\/v2\/posts\/60617","targetHints":{"allow":["GET"]}}],"collection":[{"href":"https:\/\/www.transcend.org\/tms\/wp-json\/wp\/v2\/posts"}],"about":[{"href":"https:\/\/www.transcend.org\/tms\/wp-json\/wp\/v2\/types\/post"}],"author":[{"embeddable":true,"href":"https:\/\/www.transcend.org\/tms\/wp-json\/wp\/v2\/users\/4"}],"replies":[{"embeddable":true,"href":"https:\/\/www.transcend.org\/tms\/wp-json\/wp\/v2\/comments?post=60617"}],"version-history":[{"count":0,"href":"https:\/\/www.transcend.org\/tms\/wp-json\/wp\/v2\/posts\/60617\/revisions"}],"wp:attachment":[{"href":"https:\/\/www.transcend.org\/tms\/wp-json\/wp\/v2\/media?parent=60617"}],"wp:term":[{"taxonomy":"category","embeddable":true,"href":"https:\/\/www.transcend.org\/tms\/wp-json\/wp\/v2\/categories?post=60617"},{"taxonomy":"post_tag","embeddable":true,"href":"https:\/\/www.transcend.org\/tms\/wp-json\/wp\/v2\/tags?post=60617"}],"curies":[{"name":"wp","href":"https:\/\/api.w.org\/{rel}","templated":true}]}}