{"id":63281,"date":"2015-09-07T12:00:43","date_gmt":"2015-09-07T11:00:43","guid":{"rendered":"https:\/\/www.transcend.org\/tms\/?p=63281"},"modified":"2015-09-07T07:56:12","modified_gmt":"2015-09-07T06:56:12","slug":"cheering-german-crowds-greet-refugees-after-long-trek-from-budapest-to-munich","status":"publish","type":"post","link":"https:\/\/www.transcend.org\/tms\/2015\/09\/cheering-german-crowds-greet-refugees-after-long-trek-from-budapest-to-munich\/","title":{"rendered":"Cheering German Crowds Greet Refugees after Long Trek from Budapest to Munich"},"content":{"rendered":"<p><em>As Europe\u2019s politicians continue to bicker, desperate travellers are welcomed and fed as they arrive at German city.<\/em><\/p>\n<p>In pouring rain, they crossed the last few metres into <a target=\"_blank\" href=\"http:\/\/www.theguardian.com\/world\/austria\" >Austria<\/a> in the early hours of Saturday morning. The waiting Austrian police in their heavy waterproofs were taken aback by the refusal of the Hungarian bus drivers to take their passengers the last two kilometres over the border and on to the Nickelsdorf train station where they were expected, and where a Vienna-bound train was waiting.<\/p>\n<p>Instead, the officers had to guide the way with torches, helpless to offer shelter to the tired clusters of men, women and children coming through the puddles at the side of the motorway in the darkness.<\/p>\n<p>From 3am until early afternoon, some 120 blue buses had been and gone, disgorging an estimated 4,000 refugees. Some residents of the small border town of Nickelsdorf were at their windows, others out on the streets with blankets and umbrellas, offering hot drinks.<\/p>\n<p>A Red Cross tent offered respite from the rain, with medics and volunteers working shifts while people waited for their turn to board special half-hourly bus and train services, laid on by the Austrian Federal Railway, to Vienna and Salzburg, and from there to Munich.<\/p>\n<p>\u201cWe have treated a two-day-old gunshot wound. We\u2019ve seen eye injuries caused by stun grenades. We\u2019ve seen children with severe bruises,\u201d Red Cross spokesman Andreas Zenker said.<\/p>\n<div id=\"attachment_63282\" style=\"width: 630px\" class=\"wp-caption aligncenter\"><a href=\"https:\/\/www.transcend.org\/tms\/wp-content\/uploads\/2015\/09\/munich-refugees-eu-germany-mena.jpg\" ><img loading=\"lazy\" decoding=\"async\" aria-describedby=\"caption-attachment-63282\" class=\"size-full wp-image-63282\" src=\"https:\/\/www.transcend.org\/tms\/wp-content\/uploads\/2015\/09\/munich-refugees-eu-germany-mena.jpg\" alt=\"A boy who had arrived on a train from Hungary gets a kiss from a volunteer worker in Munich. Photograph: Sean Gallup\/Getty Images\" width=\"620\" height=\"372\" srcset=\"https:\/\/www.transcend.org\/tms\/wp-content\/uploads\/2015\/09\/munich-refugees-eu-germany-mena.jpg 620w, https:\/\/www.transcend.org\/tms\/wp-content\/uploads\/2015\/09\/munich-refugees-eu-germany-mena-300x180.jpg 300w\" sizes=\"auto, (max-width: 620px) 100vw, 620px\" \/><\/a><p id=\"caption-attachment-63282\" class=\"wp-caption-text\">A boy who had arrived on a train from Hungary gets a kiss from a volunteer worker in Munich. Photograph: Sean Gallup\/Getty Images<\/p><\/div>\n<p>Several people were sent on to nearby hospitals, but Zenker said that most were \u201cgritting their teeth\u201d to continue their journey, despite some walking for almost eight hours through the night.<\/p>\n<p>By midday on Saturday, a total of 3,000 people had arrived, said Colin Turner, volunteers\u2019 spokesman at Munich railway station. German officials expected up to 7,000 to reach the city by the end of the day.<\/p>\n<p>This, said the UN high commissioner for refugees, Ant\u00f3nio Guterres, was a \u201cdefining moment\u201d for the 28-nation European Union. Already the heroes and villains of the piece were being laid out \u2013 with condemnation of the response of the Hungarian prime minister, Viktor Orb\u00e1n, and praise for Germany\u2019s Angela Merkel and the Austrian chancellor, Werner Faymann, who announced they were opening their doors to refugees in the early hours of Saturday.<\/p>\n<p>Around the same time, <a target=\"_blank\" href=\"http:\/\/www.theguardian.com\/world\/hungary\" >Hungary<\/a> unexpectedly decided to provide buses for those who had simply walked out of Budapest on foot, heading for the Austrian border, after being prevented for several days from catching trains out of the capital. Some had been taken to a refugee camp.<\/p>\n<p>In what the Hungarian media called a \u201cday of uprisings\u201d, 350 people had broken through a police cordon on Friday and begun heading to Austria, 85 miles (137km) away, on tracks leading away from the railway station. By late afternoon on Friday, a day after Orb\u00e1n had warned of a \u201cMuslim threat\u201d to a Christian culture, up to 2,000 people \u2013 most from Syria, Iraq and <a target=\"_blank\" href=\"http:\/\/www.theguardian.com\/world\/afghanistan\" >Afghanistan<\/a> \u2013 were walking towards the border in chaotic scenes.<\/p>\n<div id=\"attachment_63283\" style=\"width: 629px\" class=\"wp-caption aligncenter\"><a href=\"https:\/\/www.transcend.org\/tms\/wp-content\/uploads\/2015\/09\/munich-refugees-eu-germany-mena2.jpg\" ><img loading=\"lazy\" decoding=\"async\" aria-describedby=\"caption-attachment-63283\" class=\"size-full wp-image-63283\" src=\"https:\/\/www.transcend.org\/tms\/wp-content\/uploads\/2015\/09\/munich-refugees-eu-germany-mena2.jpg\" alt=\"Refugee children play at the Austrian-Hungarian border near the village of Nickelsdorf. Photograph: Joe Klamar\/AFP\/Getty Images\" width=\"619\" height=\"372\" srcset=\"https:\/\/www.transcend.org\/tms\/wp-content\/uploads\/2015\/09\/munich-refugees-eu-germany-mena2.jpg 619w, https:\/\/www.transcend.org\/tms\/wp-content\/uploads\/2015\/09\/munich-refugees-eu-germany-mena2-300x180.jpg 300w\" sizes=\"auto, (max-width: 619px) 100vw, 619px\" \/><\/a><p id=\"caption-attachment-63283\" class=\"wp-caption-text\">Refugee children play at the Austrian-Hungarian border near the village of Nickelsdorf. Photograph: Joe Klamar\/AFP\/Getty Images<\/p><\/div>\n<p>The sudden appearance of blue public buses was a staggering about-turn \u2013 and an unexpected rejection of the Dublin regulation, which says refugees seeking asylum should have their application assessed in the first EU country they enter, and which Hungary had insisted on upholding. The country is already under fire for its plans to close and wire-fence its borders, saying it will effectively seal the frontier to migrants as of next week, in the face of EU Schengen rules. The European Council president, Donald Tusk, warned that divisions between western member states and their newer eastern partners were complicating efforts to solve the deepening refugee crisis. \u201cThere is a divide \u2026 between the east and the west of the EU. Some member states are thinking about containing the wave of migration, symbolised by the Hungarian [border] fence,\u201d Tusk said.<\/p>\n<p>The buses triggered alarm. Many refugees distrusted the Hungarian authorities after some of those camped at Budapest railway station had earlier boarded buses that they were told were heading for the Austrian border, only to end up in a refugee camp in Hungary. Many feared a similar ploy this time. \u201cWho\u2019s organising it, the Hungarians?\u201d asked Ali, a Syrian on the march, after seeing the buses were coming. \u201cForget it, I\u2019m walking.\u201d<\/p>\n<p>But by the time the last buses arrived at 4.45am, almost everyone was too sodden and tired to worry about politicians\u2019 motives. They squeezed on to the buses, standing in the aisles, sitting on the steps crushed against the doors. Within minutes, most were asleep. In Budapest, a handful of those who remained were reluctant to be processed in <a target=\"_blank\" href=\"http:\/\/www.theguardian.com\/world\/germany\" >Germany<\/a> because they wanted to join family members elsewhere. \u201cI\u2019m going to London on my own, my brother lives there and you can get a good job,\u201d said Khan Mohammad, who comes from northern Baghlan province. Others had simply missed the convoy to the border.<\/p>\n<p>On Saturday a column of several hundred new arrivals stormed through the station and on to the metro, saying they were heading for Germany. They piled back up the escalators when it emerged they had the wrong train system and on to the mainline platforms where warnings that international trains were not running had now been removed, although without any signs of the trains themselves.<\/p>\n<p>\u201cWe must get to Germany,\u201d said Suleiman, 23, from Gaza.<\/p>\n<p>On the road to the border, there were tailbacks for eight kilometres, but many, like Marwan, didn\u2019t mind. His view through the bus window was mainly of drizzle. He had walked for much of Friday in the rain, and he hadn\u2019t slept all night. But by the time dawn rose on Saturday, he had cause to be cheerful. \u201cFinally I\u2019m getting out of Hungary,\u201d he smiled. \u201cI\u2019m happy.\u201d<\/p>\n<div id=\"attachment_63284\" style=\"width: 710px\" class=\"wp-caption aligncenter\"><a href=\"https:\/\/www.transcend.org\/tms\/wp-content\/uploads\/2015\/09\/munich-refugees-eu-germany-mena-route-budapest.png\" ><img loading=\"lazy\" decoding=\"async\" aria-describedby=\"caption-attachment-63284\" class=\"wp-image-63284\" src=\"https:\/\/www.transcend.org\/tms\/wp-content\/uploads\/2015\/09\/munich-refugees-eu-germany-mena-route-budapest.png\" alt=\"Route taken by migrants.\" width=\"700\" height=\"426\" srcset=\"https:\/\/www.transcend.org\/tms\/wp-content\/uploads\/2015\/09\/munich-refugees-eu-germany-mena-route-budapest.png 1240w, https:\/\/www.transcend.org\/tms\/wp-content\/uploads\/2015\/09\/munich-refugees-eu-germany-mena-route-budapest-300x182.png 300w, https:\/\/www.transcend.org\/tms\/wp-content\/uploads\/2015\/09\/munich-refugees-eu-germany-mena-route-budapest-1024x623.png 1024w\" sizes=\"auto, (max-width: 700px) 100vw, 700px\" \/><\/a><p id=\"caption-attachment-63284\" class=\"wp-caption-text\">Route taken by migrants.<\/p><\/div>\n<p>In Austria, the mood was one of pride \u2013 for the way the government had responded to the crisis and for the overwhelming response from people ferrying donations of food, water and clothes to train stations in Vienna and Salzburg. By Saturday afternoon, officials in Vienna had to ask people to stay away from the station, which was heavily overcrowded with well-wishers bearing donations.<\/p>\n<p>Hundreds of Austrian rail workers pledged to work overtime for free, to drive special refugee trains. Their boss, Christian Kern, called the situation \u201ca huge challenge, a state of emergency\u201d. He said the refugees\u2019 train tickets would not be checked but that the goal was to take them as quickly as possible to their desired destination.<\/p>\n<div id=\"attachment_63285\" style=\"width: 629px\" class=\"wp-caption aligncenter\"><a href=\"https:\/\/www.transcend.org\/tms\/wp-content\/uploads\/2015\/09\/munich-refugees-eu-germany-mena3.jpg\" ><img loading=\"lazy\" decoding=\"async\" aria-describedby=\"caption-attachment-63285\" class=\"size-full wp-image-63285\" src=\"https:\/\/www.transcend.org\/tms\/wp-content\/uploads\/2015\/09\/munich-refugees-eu-germany-mena3.jpg\" alt=\"Refugees during heavy rain. Photograph: Frank Augstein\/AP\" width=\"619\" height=\"372\" srcset=\"https:\/\/www.transcend.org\/tms\/wp-content\/uploads\/2015\/09\/munich-refugees-eu-germany-mena3.jpg 619w, https:\/\/www.transcend.org\/tms\/wp-content\/uploads\/2015\/09\/munich-refugees-eu-germany-mena3-300x180.jpg 300w\" sizes=\"auto, (max-width: 619px) 100vw, 619px\" \/><\/a><p id=\"caption-attachment-63285\" class=\"wp-caption-text\">Refugees during heavy rain. Photograph: Frank Augstein\/AP<\/p><\/div>\n<p>Some Austrians have been driving to the border in private cars and buses with the aim of giving refugees a lift to Vienna, but have been warned by the police not to cross into Hungary as they could be prosecuted there for people-smuggling. Austria\u2019s foreign minister, Sebastian Kurz, said this weekend was a wake-up call for Europe. \u201cThis has to be an eye-opener as to how messed up the situation in <a target=\"_blank\" href=\"http:\/\/www.theguardian.com\/world\/europe-news\" >Europe<\/a> is now. I hope this serves as a wake-up call that it cannot continue.\u201d<\/p>\n<p>Stories such as the discovery of 71 decomposing bodies in a truck near Nickelsdorf last month and the tragedy of Aylan Kurdi, the three-year-old Syrian boy whose body was washed up on the Turkish coast on Wednesday along with his five-year-old brother and his mother, have horrified people all over the world. An even younger victim of the crisis emerged on Saturday night when a newborn boy was found dead after his parents reached the shores of a Greek island in a boat from Turkey. The baby boy was taken from the island of Agathonisi to a hospital on the nearby island of Samos, where he was pronounced dead, the Greek coastguard service said.<\/p>\n<p>Chaotic and tragic scenes have been witnessed all over Europe but it was Hungary that became the focus of the refugee crisis with the arrival of about 50,000 migrants last month via the western Balkans, with a record 3,300 arriving on Thursday alone, according to UN figures. Hungary responded with tough anti-immigration measures, including its controversial three-metre razor-wire fence. Poor camp conditions and slow registration for asylum seekers have contributed to rising tensions at Hungary\u2019s refugee facilities, but the country blames Germany, which expects to receive 800,000 asylum seekers this year, for declaring it would accept Syrian requests regardless of where they enter the EU.<\/p>\n<p>\u201cWhat happened is the consequence of the failed migration policy of the European Union and the irresponsible statements made by European politician,\u201d the Hungarian foreign minister, P\u00e9ter Szijj\u00e1rt\u00f3, said on Saturday.<\/p>\n<div id=\"attachment_63286\" style=\"width: 629px\" class=\"wp-caption aligncenter\"><a href=\"https:\/\/www.transcend.org\/tms\/wp-content\/uploads\/2015\/09\/munich-refugees-eu-germany-mena4.jpg\" ><img loading=\"lazy\" decoding=\"async\" aria-describedby=\"caption-attachment-63286\" class=\"size-full wp-image-63286\" src=\"https:\/\/www.transcend.org\/tms\/wp-content\/uploads\/2015\/09\/munich-refugees-eu-germany-mena4.jpg\" alt=\"A boy reacts as the train departs from Keleti railway station in Budapest. Photograph: Marko Drobnjakovic\/AP\" width=\"619\" height=\"372\" srcset=\"https:\/\/www.transcend.org\/tms\/wp-content\/uploads\/2015\/09\/munich-refugees-eu-germany-mena4.jpg 619w, https:\/\/www.transcend.org\/tms\/wp-content\/uploads\/2015\/09\/munich-refugees-eu-germany-mena4-300x180.jpg 300w\" sizes=\"auto, (max-width: 619px) 100vw, 619px\" \/><\/a><p id=\"caption-attachment-63286\" class=\"wp-caption-text\">A boy reacts as the train departs from Keleti railway station in Budapest. Photograph: Marko Drobnjakovic\/AP<\/p><\/div>\n<p>Hungary had also insisted there would be no more bus transports. On Saturday morning, in a park near Keleti station, a group of young men fretted about their next move. \u201cWe were sent to sleep in a hotel for one night after four nights on the street. I had no idea the government would send buses,\u201d said Rahman, a 26-year-old Syrian from Aleppo, travelling with his wife, sister-in-law and two nephews. \u201cWe just wanted a break. Do you know if there will be another coach?\u201d he asked anxiously.<\/p>\n<p>A young Iraqi who had just arrived had not even heard about the coaches. \u201cI just arrived a couple of hours ago. I have no idea about buses,\u201d said Sajad al-Azawi, from Baghdad, who wants to be a computer scientist and is heading to Germany.<\/p>\n<p>On Saturday night at Munich\u2019s main station, dozens of Germans lined up behind police barriers to clap, cheer and distribute sweets to welcome refugees to their new home. A sophisticated official operation provided food and transport to temporary lodging.<\/p>\n<p>\u201cWe just wanted them to know that the torture is over,\u201d said Hedy Gupta, a grandmother handing out slabs of chocolate amid welcoming cheers. \u201cI have children and a five-year-old grandchild and when I think what they have been through, these children, it leaves me on the ground.\u201d<\/p>\n<p>Beside her on the barricades of welcome was Waltraud Volger, a legal assistant who lives nearby: \u201cI heard about it on the radio around 1pm today and just gathered what food and clothes I had and came over to donate it and offer to help,\u201d she said. \u201cThey have so many volunteers that they haven\u2019t needed me, so I\u2019m just standing here welcoming them with clapping. I\u2019ve never done anything like this before, but when you hear their stories and see the pictures, you can\u2019t just stand by.\u201d<\/p>\n<p>After four hours, she had no plans to leave while the trains were still rolling in.<\/p>\n<div id=\"attachment_63287\" style=\"width: 630px\" class=\"wp-caption aligncenter\"><a href=\"https:\/\/www.transcend.org\/tms\/wp-content\/uploads\/2015\/09\/munich-refugees-eu-germany-mena5.jpg\" ><img loading=\"lazy\" decoding=\"async\" aria-describedby=\"caption-attachment-63287\" class=\"size-full wp-image-63287\" src=\"https:\/\/www.transcend.org\/tms\/wp-content\/uploads\/2015\/09\/munich-refugees-eu-germany-mena5.jpg\" alt=\"A refugee looks out of a train window at the central station in Munich. Photograph: Nicolas Armer\/dpa\/Corbis\" width=\"620\" height=\"372\" srcset=\"https:\/\/www.transcend.org\/tms\/wp-content\/uploads\/2015\/09\/munich-refugees-eu-germany-mena5.jpg 620w, https:\/\/www.transcend.org\/tms\/wp-content\/uploads\/2015\/09\/munich-refugees-eu-germany-mena5-300x180.jpg 300w\" sizes=\"auto, (max-width: 620px) 100vw, 620px\" \/><\/a><p id=\"caption-attachment-63287\" class=\"wp-caption-text\">A refugee looks out of a train window at the central station in Munich. Photograph: Nicolas Armer\/dpa\/Corbis<\/p><\/div>\n<div id=\"attachment_63288\" style=\"width: 630px\" class=\"wp-caption aligncenter\"><a href=\"https:\/\/www.transcend.org\/tms\/wp-content\/uploads\/2015\/09\/munich-refugees-eu-germany-mena6.jpg\" ><img loading=\"lazy\" decoding=\"async\" aria-describedby=\"caption-attachment-63288\" class=\"size-full wp-image-63288\" src=\"https:\/\/www.transcend.org\/tms\/wp-content\/uploads\/2015\/09\/munich-refugees-eu-germany-mena6.jpg\" alt=\"Refugees wait for the train to Munich at the western railway station in Vienna. Photograph: J\u00f6rg Dieckmann\/dpa\/Corbis\" width=\"620\" height=\"372\" srcset=\"https:\/\/www.transcend.org\/tms\/wp-content\/uploads\/2015\/09\/munich-refugees-eu-germany-mena6.jpg 620w, https:\/\/www.transcend.org\/tms\/wp-content\/uploads\/2015\/09\/munich-refugees-eu-germany-mena6-300x180.jpg 300w\" sizes=\"auto, (max-width: 620px) 100vw, 620px\" \/><\/a><p id=\"caption-attachment-63288\" class=\"wp-caption-text\">Refugees wait for the train to Munich at the western railway station in Vienna. Photograph: J\u00f6rg Dieckmann\/dpa\/Corbis<\/p><\/div>\n<p><a target=\"_blank\" href=\"http:\/\/www.theguardian.com\/world\/2015\/sep\/05\/refugee-crisis-warm-welcome-for-people-bussed-from-budapest?CMP=fb_gu\" >Go to Original \u2013 theguardian.com<\/a><\/p>\n","protected":false},"excerpt":{"rendered":"<p>As Europe\u2019s politicians continue to bicker, desperate travellers are welcomed and fed as they arrive at German city.<\/p>\n","protected":false},"author":4,"featured_media":0,"comment_status":"open","ping_status":"open","sticky":false,"template":"","format":"standard","meta":{"footnotes":""},"categories":[51],"tags":[],"class_list":["post-63281","post","type-post","status-publish","format-standard","hentry","category-europe"],"_links":{"self":[{"href":"https:\/\/www.transcend.org\/tms\/wp-json\/wp\/v2\/posts\/63281","targetHints":{"allow":["GET"]}}],"collection":[{"href":"https:\/\/www.transcend.org\/tms\/wp-json\/wp\/v2\/posts"}],"about":[{"href":"https:\/\/www.transcend.org\/tms\/wp-json\/wp\/v2\/types\/post"}],"author":[{"embeddable":true,"href":"https:\/\/www.transcend.org\/tms\/wp-json\/wp\/v2\/users\/4"}],"replies":[{"embeddable":true,"href":"https:\/\/www.transcend.org\/tms\/wp-json\/wp\/v2\/comments?post=63281"}],"version-history":[{"count":0,"href":"https:\/\/www.transcend.org\/tms\/wp-json\/wp\/v2\/posts\/63281\/revisions"}],"wp:attachment":[{"href":"https:\/\/www.transcend.org\/tms\/wp-json\/wp\/v2\/media?parent=63281"}],"wp:term":[{"taxonomy":"category","embeddable":true,"href":"https:\/\/www.transcend.org\/tms\/wp-json\/wp\/v2\/categories?post=63281"},{"taxonomy":"post_tag","embeddable":true,"href":"https:\/\/www.transcend.org\/tms\/wp-json\/wp\/v2\/tags?post=63281"}],"curies":[{"name":"wp","href":"https:\/\/api.w.org\/{rel}","templated":true}]}}