{"id":63465,"date":"2015-09-07T20:05:13","date_gmt":"2015-09-07T19:05:13","guid":{"rendered":"https:\/\/www.transcend.org\/tms\/?p=63465"},"modified":"2015-09-07T20:05:13","modified_gmt":"2015-09-07T19:05:13","slug":"francais-pourquoi-israel-est-un-etat-raciste","status":"publish","type":"post","link":"https:\/\/www.transcend.org\/tms\/2015\/09\/francais-pourquoi-israel-est-un-etat-raciste\/","title":{"rendered":"(Fran\u00e7ais) Pourquoi Isra\u00ebl est un Etat raciste"},"content":{"rendered":"<p><em>La Convention internationale sur l&#8217;\u00e9limination de toutes les formes de discrimination raciale remonte \u00e0 1965. Dans les faits cependant, le racisme est toujours vivant.<\/em><\/p>\n<p><a href=\"https:\/\/www.transcend.org\/tms\/wp-content\/uploads\/2015\/09\/22_investig_vers_01-07a5d-palestine-israel-gaza-idf-racism.jpg\" ><img loading=\"lazy\" decoding=\"async\" class=\"aligncenter size-full wp-image-63466\" src=\"https:\/\/www.transcend.org\/tms\/wp-content\/uploads\/2015\/09\/22_investig_vers_01-07a5d-palestine-israel-gaza-idf-racism.jpg\" alt=\"22_investig_vers_01-07a5d palestine israel gaza idf racism\" width=\"329\" height=\"449\" srcset=\"https:\/\/www.transcend.org\/tms\/wp-content\/uploads\/2015\/09\/22_investig_vers_01-07a5d-palestine-israel-gaza-idf-racism.jpg 329w, https:\/\/www.transcend.org\/tms\/wp-content\/uploads\/2015\/09\/22_investig_vers_01-07a5d-palestine-israel-gaza-idf-racism-220x300.jpg 220w\" sizes=\"auto, (max-width: 329px) 100vw, 329px\" \/><\/a><br \/>\n<em>2 septembre 2015 &#8211; <\/em>Aucun \u00c9tat, aucune institution publique ou priv\u00e9e, aucune force politique ne peut aujourd\u2019hui s\u2019affirmer raciste. Le temps de l\u2019Afrique du Sud fond\u00e9e sur l\u2019apartheid est loin. La Convention internationale sur l\u2019\u00e9limination de toutes les formes de discrimination raciale remonte \u00e0 1965 (son entr\u00e9e en vigueur date de 1969) et ne peut plus \u00eatre viol\u00e9e ouvertement.<\/p>\n<p>L\u2019article 1 de cette Convention pr\u00e9cise que \u00ab\u00a0l\u2019expression \u00ab\u00a0discrimination raciale\u00a0\u00bb vise toute distinction, exclusion, restriction ou pr\u00e9f\u00e9rence fond\u00e9e sur la race, la couleur, l\u2019ascendance ou l\u2019origine nationale ou ethnique, qui a pour but ou pour effet de d\u00e9truire ou de compromettre la reconnaissance, la jouissance ou l\u2019exercice, dans des conditions d\u2019\u00e9galit\u00e9, des droits de l\u2019homme et des libert\u00e9s fondamentales dans les domaines politique, \u00e9conomique, social et culturel ou dans tout autre domaine de la vie publique\u00a0\u00bb. Tout est dit car toute manifestation de racisme est frapp\u00e9e d\u2019ill\u00e9galit\u00e9 par le droit international. Il est politiquement difficile de passer outre.<\/p>\n<p>Dans les faits cependant, le racisme est toujours vivant. Il se renforce m\u00eame dans de nombreux pays, y compris en Europe, sous des formes vari\u00e9es et selon des modalit\u00e9s diff\u00e9rentes d\u2019un pays \u00e0 l\u2019autre. Le terrorisme, fruit du caract\u00e8re asym\u00e9trique de certains conflits qui ont pris une dimension religieuse, a favoris\u00e9, en France par exemple (qui par ailleurs n\u2019a pas encore \u00ab\u00a0oubli\u00e9\u00a0\u00bb la guerre d\u2019Alg\u00e9rie) le d\u00e9veloppement d\u2019une islamophobie qui dissimule un racisme anti-arabe\u00a0: le rejet d\u2019une religion (totalement m\u00e9connue par ailleurs) donne au racisme le plus ordinaire un caract\u00e8re plus \u00ab\u00a0d\u00e9cent\u00a0\u00bb. La lutte contre l\u2019antis\u00e9mitisme est de plus en plus la seule politique antiraciste men\u00e9e par les pouvoirs publics occidentaux car elle b\u00e9n\u00e9ficie d\u2019un relatif consensus, jug\u00e9 indispensable dans les combats \u00e9lectoraux en France par exemple. M\u00eame l\u2019extr\u00eame droite fran\u00e7aise (comme le parti italien de Gianfranco Fini), tend \u00e0 att\u00e9nuer son antis\u00e9mitisme traditionnel pour se consacrer \u00e0 sa politique de rejet de l\u2019immigration maghr\u00e9bine et africaine1, politiquement plus \u00ab\u00a0rentable\u00a0\u00bb.<\/p>\n<p>Le monde occidental, toutefois, r\u00e9cuse toutes les accusations de racisme\u00a0: qu\u2019il s\u2019agisse de la police \u00e9tasunienne vis-\u00e0-vis des citoyens noirs, des op\u00e9rations anti-Roms en Europe, ou de l\u2019hostilit\u00e9 discriminatoire que rencontrent les citoyens fran\u00e7ais d\u2019origine maghr\u00e9bine de 2\u00b0 ou 3\u00b0 g\u00e9n\u00e9ration, les condamnations en justice sont tr\u00e8s rares et les m\u00e9dias restent discrets (ce fut le cas durant la p\u00e9riode qui a suivi les attentats \u00e0 Paris en janvier 2015 pour de tr\u00e8s nombreux actes \u00e0 l\u2019encontre des mosqu\u00e9es et lieux de pri\u00e8re musulmans).<\/p>\n<p>En Isra\u00ebl, la situation n\u2019a cess\u00e9 de se d\u00e9grader pour la forte minorit\u00e9 arabe de nationalit\u00e9 isra\u00e9lienne comme pour les Palestiniens victimes de l\u2019occupation quasi-coloniale \u00e0 J\u00e9rusalem et en Cisjordanie.<\/p>\n<p>L\u2019\u00c9tat isra\u00e9lien, mais aussi la soci\u00e9t\u00e9 isra\u00e9lienne tr\u00e8s fortement \u00ab\u00a0droitis\u00e9e\u00a0\u00bb se comportent de plus en plus comme une puissance coloniale ordinaire dont la volont\u00e9 politique est avant tout de \u00ab\u00a0pers\u00e9v\u00e9rer dans son \u00eatre\u00a0\u00bb, c\u2019est-\u00e0-dire de se maintenir, \u00e0 tout prix, en position h\u00e9g\u00e9monique sur les \u00ab\u00a0arabes\u00a0\u00bb, comme cela s\u2019est produit dans le pass\u00e9 pour les Fran\u00e7ais d\u2019Alg\u00e9rie jusqu\u2019\u00e0 l\u2019ind\u00e9pendance. Ce refus de tout compromis, en d\u00e9pit d\u2019un discours \u00e0 destination des alli\u00e9s occidentaux, et qui pr\u00e9tend \u00eatre favorable \u00e0 un \u00ab\u00a0processus de paix\u00a0\u00bb qui n\u2019a pourtant pas d\u2019existence r\u00e9elle, engendre chez une majorit\u00e9 d\u2019Isra\u00e9liens un racisme de plus en plus virulent.<\/p>\n<ol>\n<li><strong> Les sources de la violence raciste isra\u00e9lienne<\/strong><\/li>\n<\/ol>\n<p>Les autorit\u00e9s isra\u00e9liennes, pr\u00e9occup\u00e9es par la faiblesse d\u00e9mographique de la population juive en Isra\u00ebl par rapport aux Palestiniens et plus g\u00e9n\u00e9ralement au monde arabe, a favoris\u00e9 la venue sur le territoire national de juifs, issus de toutes les parties du monde (2).<\/p>\n<p>Afin de r\u00e9aliser l\u2019amalgame de populations venues de pays arabes, d\u2019Europe de l\u2019Est, d\u2019Occident ou d\u2019Afrique noire, l\u2019\u00c9tat isra\u00e9lien a utilis\u00e9 le ciment de la juda\u00eft\u00e9 en \u00e9voluant vers un \u00ab\u00a0\u00c9tat juif\u00a0\u00bb, c\u2019est-\u00e0-dire un \u00c9tat \u00e0 fondement ethnique et religieux.<\/p>\n<p>Les conservateurs isra\u00e9liens n\u2019y ont vu que des avantages, la juda\u00efsation gommant (pour partie) les r\u00e9alit\u00e9s de classe et l\u2019exploitation de certaines couches de la population, comme celle des juifs venus d\u2019Afrique noire.<\/p>\n<p>De plus, le poids de la religion a restreint celui des courants progressistes et socialistes importants \u00e0 l\u2019origine de l\u2019\u00c9tat isra\u00e9lien. Par exemple, le mouvement \u00ab\u00a0La Paix maintenant\u00a0\u00bb a perdu l\u2019essentiel de sa vitalit\u00e9 (3).<\/p>\n<p>Le Parti Travailliste transform\u00e9 (par alliance) en \u00ab\u00a0Union sioniste\u00a0\u00bb n\u2019est plus une alternative au Likoud\u00a0: son mot d\u2019ordre r\u00e9el est \u00ab\u00a0pas d\u2019arabes\u00a0!\u00a0\u00bb.<\/p>\n<p>L\u2019implantation massive en Isra\u00ebl des \u00ab\u00a0juifs orientaux\u00a0\u00bb a renforc\u00e9 les courants les plus ultras\u00a0: anim\u00e9s d\u2019un revanchisme d\u00e9complex\u00e9 (en passant du statut de minorit\u00e9 juive en terre d\u2019Islam \u00e0 celui de majoritaire dot\u00e9 d\u2019un \u00c9tat), ils ont fait du Likoud un parti champion de la colonisation.<\/p>\n<p>La seule opposition v\u00e9ritable \u00e0 la politique gouvernementale est celle de la liste commune judeo-arabe, associant les communistes isra\u00e9liens et les partis r\u00e9unissant les Palestiniens de 1948 qui a permis l\u2019\u00e9lection en mars 2025 de 14 d\u00e9put\u00e9s \u00e0 la Knesseth (3\u00b0 force du pays). L\u2019objectif premier est pr\u00e9cis\u00e9ment la lutte contre les discriminations, les in\u00e9galit\u00e9s et le racisme. Ce d\u00e9but d\u2019unit\u00e9 d\u2019une petite minorit\u00e9 de juifs isra\u00e9liens et de l\u2019ensemble des partis arabes d\u2019Isra\u00ebl risque cependant d\u2019\u00e9lever le niveau de racisme et de l\u2019hostilit\u00e9 globale vis-\u00e0-vis des Palestiniens isra\u00e9liens\u00a0!<\/p>\n<p>La hi\u00e9rarchie sociale accentu\u00e9e produit toujours du m\u00e9pris \u00e0 l\u2019\u00e9gard de plus d\u00e9munis. La \u00ab\u00a0richesse\u00a0\u00bb des Isra\u00e9liens (quelles que soient les fortes in\u00e9galit\u00e9s entre juifs) et la \u00ab\u00a0pauvret\u00e9\u00a0\u00bb de la minorit\u00e9 palestinienne et de l\u2019environnement arabe sont \u00e0 la source d\u2019un sentiment de sup\u00e9riorit\u00e9 et de rejet chez les Isra\u00e9liens, producteur d\u2019un racisme ordinaire. Ce racisme est particuli\u00e8rement virulent chez les juifs les plus modestes (4) en grave difficult\u00e9s sociale, car ils sont en \u00ab\u00a0concurrence\u00a0\u00bb vitale pour la terre notamment avec les Palestiniens\u00a0: c\u2019est le cas, en particulier, dans les \u00ab\u00a0colonies\u00a0\u00bb install\u00e9es en Cisjordanie. Le m\u00e9pris raciste pour les plus d\u00e9favoris\u00e9s de l\u2019\u00e9chelle sociale s\u2019est manifest\u00e9 dans les colonies traditionnelles de population comme en Europe \u00e0 l\u2019\u00e9gard des travailleurs immigr\u00e9s (y compris de la part des ouvriers \u00ab\u00a0blancs\u00a0\u00bb) et comme aux \u00c9tats-Unis \u00e0 l\u2019encontre des travailleurs noirs (5).<\/p>\n<p>Les questions sociales et le co\u00fbt de la vie, plus \u00e9lev\u00e9 que dans les pays occidentaux, constituent dans l\u2019opinion isra\u00e9lienne des priorit\u00e9s, sources de protestations multiples et de manifestations de masse (comme en 2011).<\/p>\n<p>Mais, comme en Europe, tout est entrepris pour faire du \u00ab\u00a0s\u00e9curitaire\u00a0\u00bb une diversion majeure. Les autorit\u00e9s isra\u00e9liennes insistent donc fortement sur le terrorisme dont seraient responsables les Palestiniens et les Arabes, assimil\u00e9s \u00e0 des \u00ab\u00a0barbares\u00a0\u00bb avec lesquels seuls les rapports de force sont concevables. Avigdor Lieberman, Ministre des Affaires \u00c9trang\u00e8res, n\u2019h\u00e9site pas \u00e0 d\u00e9clarer vouloir \u00ab\u00a0couper \u00e0 la hache\u00a0\u00bb la t\u00eate des arabes d\u2019Isra\u00ebl qui s\u2019opposent au gouvernement\u00a0!<\/p>\n<p>Le racisme est ainsi devenu une r\u00e9ponse fictive aux probl\u00e8mes sociaux non r\u00e9solus\u00a0: il est l\u2019outil justifiant la priorit\u00e9 accord\u00e9e aux mesures s\u00e9curitaires et \u00e0 la militarisation de la soci\u00e9t\u00e9.<\/p>\n<p>Les affrontements directs avec les Palestiniens (les deux Intifadas, notamment) et certains \u00c9tats arabes (Irak en 1981, Liban en 2006, Syrie en 2007, Soudan en 2009) provoquent aussi \u00e9videmment, par a-coups successifs, une mont\u00e9e du racisme vis-\u00e0-vis des \u00ab\u00a0Arabes\u00a0\u00bb en g\u00e9n\u00e9ral. A chaque crise ouverte, la politique de r\u00e9pression brutale et disproportionn\u00e9es aux quelques attentats et tirs de roquettes subis, s\u2019aggrave.<\/p>\n<p>Les op\u00e9rations militaires men\u00e9es contre Gaza en sont l\u2019illustration la plus flagrante. L\u2019arabe est assimil\u00e9 \u00e0 un fanatique religieux d\u00e9pourvu de tout esprit d\u00e9mocratique.<\/p>\n<p>La culture dominante est celle de la \u00ab\u00a0citadelle assi\u00e9g\u00e9e\u00a0\u00bb, mais d\u2019une qualit\u00e9 \u00ab\u00a0sup\u00e9rieure\u00a0\u00bb permettant de s\u2019imposer, \u00e0 condition d\u2019user sans complexe de la force contre les \u00ab\u00a0arabes d\u2019Eretz-Isra\u00ebl\u00a0\u00bb (comme on le disait jusqu\u2019en 1993, sans prononcer le mot Palestinien) et le monde arabe et musulman dans son ensemble (\u00e0 l\u2019exception des \u00c9gyptiens et des Jordaniens).<\/p>\n<p>Ce racisme n\u2019est pas le r\u00e9sultat de ces affrontements in\u00e9vitables aussi longtemps qu\u2019il n\u2019y aura pas d\u2019\u00c9tat palestinien viable et reconnu par tous. Il est au contraire la l\u00e9gitimation des violences pratiqu\u00e9es contre les Palestiniens\u00a0: le recours \u00e0 la force est admis par la grande majorit\u00e9 des Isra\u00e9liens parce que les arabes sont, par nature, inaptes \u00e0 comprendre autre chose que la force\u00a0!<\/p>\n<p>Un ouvrage comme celui de Benny Morris, publi\u00e9 en 2004 (The Birth of the Palestinian Refugee Problem) est r\u00e9v\u00e9lateur. Son auteur qualifie explicitement les Palestiniens de \u00ab\u00a0barbares\u00a0\u00bb qui \u00ab\u00a0en veulent \u00e0 la vie\u00a0\u00bb des Isra\u00e9liens, et qu\u2019il faut \u00ab\u00a0d\u00e9truire\u00a0\u00bb. \u00ab\u00a0La soci\u00e9t\u00e9 palestinienne, d\u00e9clare-t-il \u00e0 Haaretz (9.1.2004) est une soci\u00e9t\u00e9 malade qui doit \u00eatre trait\u00e9e comme le sont les tueurs en s\u00e9rie\u00a0\u00bb. Il faut les emmurer\u00a0\u00bb, ajoute-t-il car \u00ab\u00a0il y a l\u00e0 une b\u00eate sauvage qui doit \u00eatre mise en cage\u00a0\u00bb\u00a0!<\/p>\n<p>Enfin, dernier facteur du d\u00e9veloppement du racisme en Isra\u00ebl, l\u2019extr\u00eame complaisance dont b\u00e9n\u00e9ficie la politique isra\u00e9lienne aux \u00c9tats-Unis et en Europe occidentale (qu\u2019il s\u2019agisse des politiciens ou des grands m\u00e9dias). L\u2019id\u00e9e qu\u2019il y a une \u00ab\u00a0sorte de n\u00e9gociation permanente\u00a0\u00bb dans le cadre d\u2019un \u00ab\u00a0processus de paix\u00a0\u00bb, \u00ab\u00a0arbitr\u00e9e\u00a0\u00bb par les \u00c9tats-Unis est soigneusement cultiv\u00e9e. Les Accords d\u2019Oslo ont \u00e9t\u00e9 quasi-unanimement pr\u00e9sent\u00e9s comme la fin du conflit, alors qu\u2019il s\u2019agissait d\u2019organiser un r\u00e9gime int\u00e9rimaire de cinq ans (jusqu\u2019en 1999), dans le cadre d\u2019une sorte de protectorat isra\u00e9lien sur l\u2019Autorit\u00e9 Palestinienne.<\/p>\n<p>Le discours d\u2019Isra\u00ebl \u00e0 destination du monde occidental a besoin d\u2019\u00eatre favorable aux n\u00e9gociations. \u00ab\u00a0La diplomatie est n\u00e9cessaire pour rassurer l\u2019Occident et notre propre conscience, mais seule notre force persuadera les Arabes de reconna\u00eetre qu\u2019ils ne peuvent nous vaincre\u00a0\u00bb (6).<\/p>\n<p>Les multiples violations flagrantes de la l\u00e9galit\u00e9 internationale ne suscitent pratiquement pas de r\u00e9actions, \u00e0 l\u2019exception de quelques d\u00e9clarations sans port\u00e9e pratique. Les r\u00e9solutions des Nations Unies n\u2019ont aucune efficacit\u00e9 elles sont bloqu\u00e9es par les \u00c9tats-Unis. Les rapports pr\u00e9sent\u00e9s au Conseil des Droits de l\u2019Homme s\u2019enlisent dans les proc\u00e9dures.<\/p>\n<p>Les prises de position du Parlement Europ\u00e9en ne sont pas suivies d\u2019effets. Les \u00c9tats occidentaux restent les alli\u00e9s sans faille de l\u2019\u00c9tat isra\u00e9lien. Cette alliance est consolid\u00e9e par la prise en charge de la lutte contre l\u2019antis\u00e9mitisme, le seul antiracisme qui demeure en Occident devant l\u2019expansion (facilit\u00e9e) du racisme anti-arabe.<\/p>\n<p>Un exemple, parmi d\u2019autres, mais peu connu, est celui de la violation du Code de Conduite en mati\u00e8re d\u2019exportation d\u2019armements, adopt\u00e9 par l\u2019Union Europ\u00e9enne le 9.12.1998. Aucun \u00c9tat europ\u00e9en n\u2019est fond\u00e9 en droit \u00e0 exporter des armes dans un pays \u00ab\u00a0non respectueux des droits de l\u2019homme\u00a0\u00bb et lorsque cela menace \u00ab\u00a0la paix, la s\u00e9curit\u00e9 et la stabilit\u00e9 r\u00e9gionale\u00a0\u00bb. Ce code n\u2019a aucune effectivit\u00e9 vis-\u00e0-vis d\u2019Isra\u00ebl.<\/p>\n<ol start=\"2\">\n<li><strong> Les diff\u00e9rentes formes de discrimination raciale en Isra\u00ebl<\/strong><\/li>\n<\/ol>\n<p>L\u2019\u00c9tat isra\u00e9lien, qui se d\u00e9clare d\u00e9sormais \u00ab\u00a0juif\u00a0\u00bb malgr\u00e9 ses 20% de ressortissants palestiniens (en forte croissance d\u00e9mographique) et qui \u00e9tend en permanence ses \u00ab\u00a0implantations\u00a0\u00bb de type colonial au nom de la r\u00e9cup\u00e9ration de \u00ab\u00a0terres sacr\u00e9es\u00a0\u00bb en Cisjordanie (par une croissance de 38% du nombre de colons entre 2000 et 2007), s\u2019autoproclame unique \u00ab\u00a0d\u00e9mocratie\u00a0\u00bb du Moyen Orient.<\/p>\n<p><em>La r\u00e9alit\u00e9 est radicalement diff\u00e9rente.<\/em><\/p>\n<p>Pour la \u00ab\u00a0d\u00e9mocratie\u00a0\u00bb isra\u00e9lienne, les Palestiniens n\u2019ont eu aucune existence l\u00e9gale aussi longtemps qu\u2019ils n\u2019ont pas eu recours \u00e0 la violence. Mais apr\u00e8s plus d\u2019un demi-si\u00e8cle, ni les Palestiniens des Territoires Occup\u00e9s ni les Palestiniens de 1948 ne sont trait\u00e9s par Isra\u00ebl comme des citoyens, sans que ceux-ci ne b\u00e9n\u00e9ficient d\u2019aucune fa\u00e7on de ce \u00ab\u00a0droit\u00a0\u00bb d\u2019ing\u00e9rence que l\u2019Occident utilise ailleurs.<\/p>\n<p>Dans l\u2019ordre international, Isra\u00ebl n\u2019a pas le moindre respect pour le droit international et pour le droit humanitaire:il a m\u00eame \u00ab\u00a0invent\u00e9\u00a0\u00bb avec les \u00c9tats-Unis, la notion de \u00ab\u00a0l\u00e9gitime d\u00e9fense pr\u00e9ventive\u00a0\u00bb lui permettant de proc\u00e9der \u00e0 des agressions au nom de son droit \u00e0 l\u2019existence.<\/p>\n<p>Toutefois, \u00e0 la diff\u00e9rence des puissances coloniales du pass\u00e9 et des dictatures ouvertes, l\u2019\u00c9tat d\u2019Isra\u00ebl a pour politique sp\u00e9cifique d\u2019utiliser le droit et non de le rejeter. Fortement occidentalis\u00e9, dans la n\u00e9cessit\u00e9 absolue de conserver des liens avec les \u00c9tats-Unis et l\u2019Europe, il cherche \u00e0 conserver sa l\u00e9gitimit\u00e9 en se pr\u00e9sentant comme un \u00ab\u00a0oasis de justice\u00a0\u00bb au c\u0153ur du \u00ab\u00a0d\u00e9sert\u00a0\u00bb proche oriental. Le droit est une composante, avec la religion, de la puissance isra\u00e9lienne. Les deux se nourrissent r\u00e9ciproquement\u00a0: cette prise en compte favorise un regard stimulant sur Isra\u00ebl de la part des \u00c9tats occidentaux mais aussi du \u00ab\u00a0soi sur soi\u00a0\u00bb.<\/p>\n<p>L\u2019antiterrorisme sert de justification de tous les accrocs au droit, mais la Cour Supr\u00eame est cens\u00e9e contr\u00f4ler l\u2019exigence d\u2019un \u00ab\u00a0\u00e9quilibre\u00a0\u00bb entre le respect des droits de l\u2019homme\u00a0\u00bb et les consid\u00e9rations de s\u00e9curit\u00e9. Le \u00ab\u00a0transit juridictionnel\u00a0\u00bb est essentiel pour d\u00e9culpabiliser les Isra\u00e9liens. La possibilit\u00e9 effective pour les Palestiniens de recours en annulation contre les actes de l\u2019administration isra\u00e9lienne permet de les associer \u00e0 leur propre asservissement\u00a0: en pratique, les discriminations ne sont pas att\u00e9nu\u00e9es, elles sont l\u00e9gitim\u00e9es\u00a0! Les droits de la d\u00e9fense sont garantis, mais la d\u00e9fense ne gagne jamais, sauf exception.<\/p>\n<p>Sous des formes juridiques anodines, avec des r\u00e9sultats \u00e9quivalents \u00e0 ceux qui seraient en vigueur dans un syst\u00e8me d\u2019apartheid, les Palestiniens sont trait\u00e9s en \u00ab\u00a0sous-citoyens\u00a0\u00bb. Par exemple, dans le secteur \u00e9conomique, la technique des \u00ab\u00a0permis\u00a0\u00bb, d\u2019apparence purement administrative, dissimule en fait, par le biais d\u2019une pratique arbitraire de leur d\u00e9livrance, des in\u00e9galit\u00e9s flagrantes. Dans le domaine agricole, certaines cultures sont r\u00e9serv\u00e9es aux seuls exploitants juifs\u00a0: l\u2019exploitation des fruits, l\u00e9gumes et tabac est un monopole juif. Les activit\u00e9s les plus rentables sont ainsi hors de port\u00e9e des \u00ab\u00a0arabes\u00a0\u00bb et le sous-d\u00e9veloppement palestinien est institutionnalis\u00e9. Le fait que quelques Palestiniens puissent surmonter les discriminations sectorielles ne change rien \u00e0 ce ph\u00e9nom\u00e8ne in\u00e9galitaire de la soci\u00e9t\u00e9 isra\u00e9lienne, mais rend cr\u00e9dible un avenir (illusoire) de soci\u00e9t\u00e9 int\u00e9gr\u00e9e.<\/p>\n<p>Les proc\u00e9dures d\u2019expropriation des terres sont aussi significatives\u00a0: l\u2019expropriation est prononc\u00e9e au nom des exigences de s\u00e9curit\u00e9, mais les terres sont ensuite transf\u00e9r\u00e9es aux juifs\u00a0!<\/p>\n<p>En mati\u00e8re de pr\u00eat bancaire, les entreprises palestiniennes se voient refuser les d\u00e9lais de paiement et les cr\u00e9dits n\u00e9cessaires, selon une appr\u00e9ciation d\u2019opportunit\u00e9 commune aux banques du monde entier\u00a0: n\u00e9anmoins, on constate que sont discrimin\u00e9es les entreprises palestiniennes concurrentes des entreprises juives\u00a0!<\/p>\n<p>On pourrait faire les m\u00eames observations dans le domaine des baux de location\u00a0: le refus d\u2019un propri\u00e9taire juif \u00e0 un arabe est la r\u00e8gle\u00a0!<\/p>\n<p>Plus g\u00e9n\u00e9ralement, le droit est \u00e9gal pour tous ceux qui par l\u2019exercice du service militaire fournissent une contribution \u00e0 la s\u00e9curit\u00e9 de l\u2019\u00c9tat&#8230; Toutefois, les Palestiniens (\u00e0 la diff\u00e9rence des Druzes) ne sont pas autoris\u00e9s \u00e0 servir dans l\u2019arm\u00e9e, d\u2019o\u00f9 une s\u00e9rie de prestations sociales auxquelles ils n\u2019ont pas droit. Dans les faits, les Palestiniens sont pour Isra\u00ebl \u00ab\u00a0de dangereux \u00e9trangers\u00a0\u00bb et sont trait\u00e9s comme tels.<\/p>\n<p>Le r\u00e9sultat est un cantonnement des Palestiniens isra\u00e9liens dans certains villages et quartiers constituant une sous-communaut\u00e9 ghetto\u00efs\u00e9e. Plus des deux-tiers des Palestiniens isra\u00e9liens sont des ouvriers\u00a0; plus de la moiti\u00e9 vit au dessus du seuil de pauvret\u00e9\u00a0; la mortalit\u00e9 infantile est le double de celle des juifs isra\u00e9liens.<\/p>\n<p>La \u00ab\u00a0d\u00e9mocratie\u00a0\u00bb isra\u00e9lienne est r\u00e9serv\u00e9e aux juifs et \u00e0 quelques collaborateurs arabes et le racisme ambiant justifie toutes les discriminations \u00ab\u00a0l\u00e9gales\u00a0\u00bb.<\/p>\n<p>Dans l\u2019ordre international, l\u2019\u00c9tat proc\u00e8de comme le font aussi les \u00c9tats-Unis \u00e0 une sorte \u00ab\u00a0d\u2019isra\u00e9lisation\u00a0\u00bb du droit international qu\u2019il aligne sur ses propres pratiques. Chaque norme est revue et corrig\u00e9e afin que co\u00efncident politique isra\u00e9lienne et \u00ab\u00a0l\u00e9galit\u00e9\u00a0\u00bb. Cette \u00ab\u00a0novation\u00a0\u00bb du droit international pr\u00e9tend fonder les raids a\u00e9riens, les actes de repr\u00e9sailles, les op\u00e9rations arm\u00e9es men\u00e9es dans les espaces a\u00e9riens, maritimes, et territoriaux des autres \u00c9tats, les actions arm\u00e9es contre des organismes des Nations Unies (notamment l\u2019UNRWA)&#8230;.<\/p>\n<p>Isra\u00ebl proc\u00e8de \u00e0 une v\u00e9ritable perversion des concepts juridiques s\u2019attribuant m\u00eame une fonction polici\u00e8re dans toute la r\u00e9gion, et m\u00eame en Afrique noire (lorsqu\u2019il s\u2019agit de soutenir ses alli\u00e9s). Ces ing\u00e9rences sont n\u00e9anmoins pr\u00e9sent\u00e9es comme facteur de maintien de la paix et de la s\u00e9curit\u00e9\u00a0!<\/p>\n<p>On con\u00e7oit donc que pour l\u2019opinion isra\u00e9lienne, le fait d\u2019avoir de \u00ab\u00a0l\u2019arabe\u00a0\u00bb une vision \u00ab\u00a0d\u2019inf\u00e9rieur\u00a0\u00bb et de \u00ab\u00a0barbare\u00a0\u00bb d\u00e9civilis\u00e9 est une n\u00e9cessit\u00e9 politique.<\/p>\n<p>Ce racisme ambiant qui ne cesse de se renforcer, comme c\u2019\u00e9tait le cas en Alg\u00e9rie au fur et \u00e0 mesure de l\u2019\u00e9volution de la guerre de lib\u00e9ration nationale, garantit la coh\u00e9sion de la soci\u00e9t\u00e9 autour de \u00ab\u00a0l\u2019\u00c9tat juif\u00a0\u00bb et plus en plus s\u00e9curitaire (7). Il est devenu un outil de d\u00e9fense nationale. Il ne pourra r\u00e9gresser qu\u2019avec une solution \u00ab\u00a0d\u00e9confessionalis\u00e9e\u00a0\u00bb du conflit isra\u00e9lo-palestinien qui se prolonge et qui demeure sans solution \u00e0 court terme. En effet la dimension religieuse, pr\u00e9tendument judeo-islamiste, que les instances conservatrices isra\u00e9liennes ont donn\u00e9 \u00e0 ce conflit le rend parfaitement insoluble.<\/p>\n<p>Comme l\u2019\u00e9crit Akram Mussalam (8), qui vit \u00e0 Ramallah, \u00ab\u00a0ceux qui fabriquent les barbel\u00e9s qui m\u2019encerclent de toutes parts continuent \u00e0 ronger et \u00e0 d\u00e9vaster le lieu et le r\u00eave\u00a0\u00bb&#8230;. Mais le cauchemar ne peut durer toujours.<\/p>\n<p>Mohammed Bentoumi est Ma\u00eetre de Conf\u00e9rences \u00e0 la Facult\u00e9 de Droit d\u2019Alger.<\/p>\n<p><strong>NOTES\u00a0:<br \/>\n<\/strong><br \/>\n1. Le Front National, en France, s\u2019est rapproch\u00e9 des Isra\u00e9liens (Louis Aliot, vice-pr\u00e9sident, a \u00e9tabli des contacts en Isra\u00ebl m\u00eame)\u00a0; il a exclu des membres de \u00ab\u00a0L\u2019Oeuvre Fran\u00e7aise\u00a0\u00bb jug\u00e9s trop antis\u00e9mites, etc. La \u00ab\u00a0mode\u00a0\u00bb, en France, va jusqu\u2019\u00e0 oser accuser \u00ab\u00a0l\u2019extr\u00eame-gauche\u00a0\u00bb (englobant Front de Gauche, communistes, etc.) de d\u00e9velopper \u00ab\u00a0un nouvel antis\u00e9mitisme\u00a0\u00bb sous pr\u00e9texte des campagnes men\u00e9es par ces forces contre la politique isra\u00e9lienne. Un sondage du 8.11.2013 sur les responsables de l\u2019antis\u00e9mitisme n\u2019indique que 27% pour l\u2019extr\u00eame droite (contre 67% \u00e0 l\u2019extr\u00eame gauche\u00a0!).<\/p>\n<p>2. Le Premier Ministre Netanyaou poursuit aujourd\u2019hui encore dans un pays comme la France une campagne qui rencontre un certain succ\u00e8s en faveur de \u00ab\u00a0l\u2019alya\u00a0\u00bb, c\u2019est-\u00e0-dire de l\u2019installation en Isra\u00ebl de juifs fran\u00e7ais.<\/p>\n<p>3. Ari Shavit, par exemple, l\u2019un des fondateurs du mouvement, a radicalement chang\u00e9 ses positions en faveur du militarisme et du sionisme. Voir son interview dans Haaretz du 11 ao\u00fbt 2006.<\/p>\n<p>4. On se souvient du racisme exacerb\u00e9 des \u00ab\u00a0petits blancs\u00a0\u00bb fran\u00e7ais en Alg\u00e9rie malgr\u00e9 leur statut tr\u00e8s d\u00e9favoris\u00e9 au regard des grands colons.<\/p>\n<p>5. Cf. Ilan Pappe. \u00ab\u00a0Une soci\u00e9t\u00e9 intoxiqu\u00e9e par la haine\u00a0?\u00a0\u00bb In M.\u00a0Collon et autres. <a target=\"_blank\" href=\"http:\/\/www.michelcollon.info\/boutique\/fr\/home\/9-israel-parlons-en.html\" >Isra\u00ebl, Parlons-en\u00a0!<\/a> Investig\u2019Action. Bruxelles. 2011. Voir aussi M.\u00a0Warshawski. A tombeau ouvert\u00a0: la crise de la soci\u00e9t\u00e9 isra\u00e9lienne. La Fabrique. Paris. 2003.<\/p>\n<p>6. Cf. Benny Morris, cit\u00e9 dans P. Bouveret et autres. Qui arme Isra\u00ebl et le Hamas\u00a0? \u00c9ditions Amnesty International et autres. 2009, p. 104.<\/p>\n<p>7. Les jeunes isra\u00e9liens, cependant, ne se sentent pas tous int\u00e9gr\u00e9s \u00e0 leur pays, notamment en raison des lourdes obligations militaires. 40% d\u2019entre eux souhaitent le quitter et certains anim\u00e9s d\u2019un esprit pacifiste le font pour des raisons politiques. Voir L\u2019Humanit\u00e9. 16 mars 2015.<\/p>\n<p>8. Akram Mussalam. La cigogne. Sindbad \u2013 Actes Sud. 2015.<\/p>\n<p><a target=\"_blank\" href=\"http:\/\/www.michelcollon.info\/Pourquoi-Israel-est-un-Etat.html?lang=fr\" >Go to Original \u2013 michelcollon.info<\/a><\/p>\n","protected":false},"excerpt":{"rendered":"<p>La Convention internationale sur l&#8217;\u00e9limination de toutes les formes de discrimination raciale remonte \u00e0 1965. Dans les faits cependant, le racisme est toujours vivant.<\/p>\n","protected":false},"author":4,"featured_media":0,"comment_status":"open","ping_status":"open","sticky":false,"template":"","format":"standard","meta":{"footnotes":""},"categories":[46],"tags":[],"class_list":["post-63465","post","type-post","status-publish","format-standard","hentry","category-original-languages"],"_links":{"self":[{"href":"https:\/\/www.transcend.org\/tms\/wp-json\/wp\/v2\/posts\/63465","targetHints":{"allow":["GET"]}}],"collection":[{"href":"https:\/\/www.transcend.org\/tms\/wp-json\/wp\/v2\/posts"}],"about":[{"href":"https:\/\/www.transcend.org\/tms\/wp-json\/wp\/v2\/types\/post"}],"author":[{"embeddable":true,"href":"https:\/\/www.transcend.org\/tms\/wp-json\/wp\/v2\/users\/4"}],"replies":[{"embeddable":true,"href":"https:\/\/www.transcend.org\/tms\/wp-json\/wp\/v2\/comments?post=63465"}],"version-history":[{"count":0,"href":"https:\/\/www.transcend.org\/tms\/wp-json\/wp\/v2\/posts\/63465\/revisions"}],"wp:attachment":[{"href":"https:\/\/www.transcend.org\/tms\/wp-json\/wp\/v2\/media?parent=63465"}],"wp:term":[{"taxonomy":"category","embeddable":true,"href":"https:\/\/www.transcend.org\/tms\/wp-json\/wp\/v2\/categories?post=63465"},{"taxonomy":"post_tag","embeddable":true,"href":"https:\/\/www.transcend.org\/tms\/wp-json\/wp\/v2\/tags?post=63465"}],"curies":[{"name":"wp","href":"https:\/\/api.w.org\/{rel}","templated":true}]}}