{"id":6487,"date":"2010-07-26T00:00:48","date_gmt":"2010-07-25T22:00:48","guid":{"rendered":"http:\/\/www.transcend.org\/tms\/?p=6487"},"modified":"2010-07-23T14:56:30","modified_gmt":"2010-07-23T12:56:30","slug":"portuguese-o-menino-tolo","status":"publish","type":"post","link":"https:\/\/www.transcend.org\/tms\/2010\/07\/portuguese-o-menino-tolo\/","title":{"rendered":"(Portuguese) O Menino Tolo"},"content":{"rendered":"<p><em>S\u00f3 um tolo d\u00e1 a estrangeiros servi\u00e7os p\u00fablicos como as telefonias fixa e m\u00f3vel.<\/em><\/p>\n<p><strong>Jo\u00e3o<\/strong> \u00e9 dono\u00a0de um jogo de armar. Dois meninos mais velhos e mais espertos, <strong>Gon\u00e7alo<\/strong> e <strong>Manuel<\/strong>, persuadem <strong>Jo\u00e3o<\/strong> a trocar o seu belo jogo por um pirulito.<\/p>\n<p>Feita a troca, e comido o pirulito, <strong>Jo\u00e3o<\/strong> fica olhando <strong>Gon\u00e7alo<\/strong> e <strong>Manoel<\/strong>, primeiro, se divertirem com o jogo de armar, e, depois, montarem uma briga para ver quem fica o \u00fanico dono. Alguma semelhan\u00e7a entre essa estoriazinha e a realidade?<\/p>\n<p>N\u00e3o \u00e9 preciso muita imagina\u00e7\u00e3o para descobrir. <strong>Jo\u00e3o<\/strong> \u00e9 o Brasil que abriu a telefonia fixa e a celular para estrangeiros. <strong>Gon\u00e7alo<\/strong> \u00e9 a Espanha e sua <strong>Telef\u00f4nica<\/strong>, <strong>Manuel<\/strong> \u00e9 <strong>Portugal<\/strong> e a <strong>Portugal Telecom<\/strong>; os dois se engalfinham diante da oferta &#8220;irrecus\u00e1vel&#8221; da <strong>Telef\u00f4nica<\/strong> para assumir o controle da <strong>Vivo<\/strong>, hoje partilhado por ela com os portugueses.<\/p>\n<p>Mas por que eu estou chamando o Brasil de menino tolo? Porque s\u00f3 um tolo entrega a empresas estrangeiras servi\u00e7os p\u00fablicos, como s\u00e3o a telefonia fixa e a m\u00f3vel, que garantem a seus propriet\u00e1rios uma renda permanente e segura.<\/p>\n<p>No caso da telefonia fixa, a privatiza\u00e7\u00e3o \u00e9 inaceit\u00e1vel porque se trata de monop\u00f3lio natural. No caso da telefonia m\u00f3vel, h\u00e1 alguma competi\u00e7\u00e3o, de forma que a privatiza\u00e7\u00e3o \u00e9 bem-vinda, mas nunca para estrangeiros.<\/p>\n<p>Estou, portanto, pensando em termos do &#8220;conden\u00e1vel&#8221; nacionalismo econ\u00f4mico cuja melhor justifica\u00e7\u00e3o est\u00e1 no interesse que foi demonstrado pelos governos da Espanha e de Portugal.<\/p>\n<p>O governo espanhol, nos anos 90, aproveitou a hegemonia neoliberal da \u00e9poca para subsidiar de v\u00e1rias maneiras suas empresas a comprarem os servi\u00e7os p\u00fablicos que estavam ent\u00e3o sendo privatizados. Foram bem-sucedidos nessa tarefa.<\/p>\n<p>Neste caso, foram os espanh\u00f3is os nacionalistas, enquanto os latino-americanos, inclusive os brasileiros, foram os colonialistas, ou os tolos.<\/p>\n<p>Agora, quando a espanhola Telef\u00f4nica faz uma oferta pelas a\u00e7\u00f5es da Vivo de propriedade da Portugal Telecom, o governo portugu\u00eas entra no jogo e pro\u00edbe a transa\u00e7\u00e3o.<\/p>\n<p>A <strong>Uni\u00e3o Europeia<\/strong> j\u00e1 considerou ilegal essa atitude, mas o que importa aqui \u00e9 que, neste caso, os nacionalistas s\u00e3o os portugueses que sabem como um servi\u00e7o p\u00fablico \u00e9 uma pepineira, e n\u00e3o querem que seu pa\u00eds a perca.<\/p>\n<p>O menino tolo \u00e9 o Brasil, que v\u00ea o nacionalismo econ\u00f4mico dos portugueses e dos espanh\u00f3is e, neste caso, nada tem a fazer sen\u00e3o honrar os contratos que assinou.<\/p>\n<p>Vamos um dia ficar espertos novamente? Creio que sim. Nestes \u00faltimos anos, o governo brasileiro come\u00e7ou a reaprender, e est\u00e1 tratando de dar apoio a suas empresas.<\/p>\n<p>Para horror dos liberais locais, est\u00e1 ajudando a criar campe\u00f5es nacionais. Ou seja, est\u00e1 fazendo exatamente a mesma coisa que fazem os pa\u00edses ricos, que, apesar de seu propalado liberalismo, tamb\u00e9m n\u00e3o t\u00eam d\u00favida em defender suas empresas nacionais.<\/p>\n<p>Se o setor econ\u00f4mico da empresa \u00e9 altamente competitivo, n\u00e3o h\u00e1 raz\u00e3o para uma pol\u00edtica dessa natureza. Quando, por\u00e9m, o mercado \u00e9 controlado por poucas empresas, ou, no caso dos servi\u00e7os p\u00fablicos, quando \u00e9 monopolista ou quase monopolista, n\u00e3o faz sentido para um pa\u00eds pagar ao outro uma renda permanente ao fazer concess\u00f5es p\u00fablicas a empresas estrangeiras.<\/p>\n<p>A briga entre espanh\u00f3is e portugueses pela <strong>Vivo<\/strong> \u00e9 uma confirma\u00e7\u00e3o do que estou afirmando.<\/p>\n<p><a target=\"_blank\" href=\"  http:\/\/search.folha.com.br\/search?q=Luiz%20Carlos%20Bresser-Pereira&amp;site=jornal\" >GO TO ORIGINAL \u2013 FOLHA DE S\u00c3O PAULO<\/a><\/p>\n","protected":false},"excerpt":{"rendered":"<p>S\u00f3 um tolo d\u00e1 a estrangeiros servi\u00e7os p\u00fablicos como as telefonias fixa e m\u00f3vel&#8230;. A briga entre espanh\u00f3is e portugueses pela Vivo [brasileira] \u00e9 uma confirma\u00e7\u00e3o do que estou afirmando.<\/p>\n","protected":false},"author":4,"featured_media":0,"comment_status":"open","ping_status":"open","sticky":false,"template":"","format":"standard","meta":{"footnotes":""},"categories":[46],"tags":[],"class_list":["post-6487","post","type-post","status-publish","format-standard","hentry","category-original-languages"],"_links":{"self":[{"href":"https:\/\/www.transcend.org\/tms\/wp-json\/wp\/v2\/posts\/6487","targetHints":{"allow":["GET"]}}],"collection":[{"href":"https:\/\/www.transcend.org\/tms\/wp-json\/wp\/v2\/posts"}],"about":[{"href":"https:\/\/www.transcend.org\/tms\/wp-json\/wp\/v2\/types\/post"}],"author":[{"embeddable":true,"href":"https:\/\/www.transcend.org\/tms\/wp-json\/wp\/v2\/users\/4"}],"replies":[{"embeddable":true,"href":"https:\/\/www.transcend.org\/tms\/wp-json\/wp\/v2\/comments?post=6487"}],"version-history":[{"count":0,"href":"https:\/\/www.transcend.org\/tms\/wp-json\/wp\/v2\/posts\/6487\/revisions"}],"wp:attachment":[{"href":"https:\/\/www.transcend.org\/tms\/wp-json\/wp\/v2\/media?parent=6487"}],"wp:term":[{"taxonomy":"category","embeddable":true,"href":"https:\/\/www.transcend.org\/tms\/wp-json\/wp\/v2\/categories?post=6487"},{"taxonomy":"post_tag","embeddable":true,"href":"https:\/\/www.transcend.org\/tms\/wp-json\/wp\/v2\/tags?post=6487"}],"curies":[{"name":"wp","href":"https:\/\/api.w.org\/{rel}","templated":true}]}}