{"id":67048,"date":"2015-11-30T12:00:27","date_gmt":"2015-11-30T12:00:27","guid":{"rendered":"https:\/\/www.transcend.org\/tms\/?p=67048"},"modified":"2015-11-30T01:49:12","modified_gmt":"2015-11-30T01:49:12","slug":"portugues-o-capitalismo-sera-derrotado-pela-terra","status":"publish","type":"post","link":"https:\/\/www.transcend.org\/tms\/2015\/11\/portugues-o-capitalismo-sera-derrotado-pela-terra\/","title":{"rendered":"(Portugu\u00eas) O Capitalismo Ser\u00e1 Derrotado pela Terra"},"content":{"rendered":"<div id=\"attachment_43416\" style=\"width: 160px\" class=\"wp-caption alignleft\"><a href=\"https:\/\/www.transcend.org\/tms\/wp-content\/uploads\/2014\/05\/Leonardo_Boff_Wilson-Dias_Abr_0.gif\" ><img loading=\"lazy\" decoding=\"async\" aria-describedby=\"caption-attachment-43416\" class=\"size-thumbnail wp-image-43416\" src=\"https:\/\/www.transcend.org\/tms\/wp-content\/uploads\/2014\/05\/Leonardo_Boff_Wilson-Dias_Abr_0-150x150.gif\" alt=\"Leonardo Boff\" width=\"150\" height=\"150\" \/><\/a><p id=\"caption-attachment-43416\" class=\"wp-caption-text\">Leonardo Boff<\/p><\/div>\n<p><em>27 nov 2015 &#8211; <\/em>H\u00e1 um fato incontest\u00e1vel e desolador: o capitalismo como modo de produ\u00e7\u00e3o e sua ideologia pol\u00edtica, o neoliberalismo, se sedimentaram globalmente de forma t\u00e3o consistente que parece tornar qualquer alternativa real invi\u00e1vel. De fato, ele ocupou todos os espa\u00e7os e alinhou praticamente todos os pa\u00edses a seus interesses globais. Depois que a sociedade passou a ser de mercado e tudo virou oportunidade de ganho, at\u00e9 as coisas mais sagradas como \u00f3rg\u00e3os humanos, \u00e1gua e a capacidade de poliniza\u00e7\u00e3o das flores, os chefes de Estados, em sua grande parte, s\u00e3o for\u00e7ados a gerir a macroeconomia globalmente integrada e menos atender ao bem comum de seu povo.<\/p>\n<p>O socialismo democr\u00e1tico em sua vers\u00e3o avan\u00e7ada de eco-socialismo representa uma op\u00e7\u00e3o te\u00f3rica importante, mas com pouca base social mundial de implementa\u00e7\u00e3o. A tese de Rosa Luxemburgo em seu livro <em>Reforma ou Revolu\u00e7\u00e3o<\/em> de que \u201c<em>a teoria do colapso capitalista \u00e9 o cerne do socialismo cient\u00edfico<\/em>\u201d n\u00e3o se verificou. E o socialismo, na sua pior forma como ditadura do Estado, ruiu.<\/p>\n<p>A f\u00faria da acumula\u00e7\u00e3o capitalista alcan\u00e7ou os n\u00edveis mais altos de sua hist\u00f3ria. Praticamente 1% da popula\u00e7\u00e3o rica mundial controla cerca de 90% de todas as riquezas. 85 opulentos, conforme a s\u00e9ria <em>ONG Oxfam Intermon<\/em>, de 2014, t\u00eam dinheiro igual a 3,5 bilh\u00f5es de pobres do mundo. O grau de irracionalidade e tamb\u00e9m de desumanidade do sistema falam por si. Vivemos tempos de expl\u00edcita barb\u00e1rie.<\/p>\n<p>As crises conjunturais do sistema ocorriam at\u00e9 agora nas economias perif\u00e9ricas. Mas a partir de 2007\/2008 a grande crise explodiu no cora\u00e7\u00e3o nos pa\u00edses centrais, nos EUA e na Europa. Tudo parece indicar que se trata n\u00e3o de uma crise conjuntural, sempre super\u00e1vel, mas desta vez, de uma crise sist\u00eamica, pondo fim \u00e0 capacidade de reprodu\u00e7\u00e3o do capitalismo. As sa\u00eddas encontradas pelos pa\u00edses que hegemonizam o processo mundial s\u00e3o sempre da mesma natureza: mais do mesmo. Vale dizer, continuar com a explora\u00e7\u00e3o ilimitada dos bens e servi\u00e7os naturais, orientando-se por uma medida claramente material (e materialista) que \u00e9 o PIB. Ai dos pa\u00edses cujo PIB n\u00e3o cresce cada ano. Condenam-se \u00e0 fal\u00eancia, com consequ\u00eancias sociais desastrosas.<\/p>\n<p>Esse crescimento piora\u00a0 o estado da Terra, diminuindo ainda mais o que resta de sua reserva bi\u00f3tica O pre\u00e7o das tentativas de manter e de aumentar o crescimento \u00e9, aquilo que seus corifeus chamam de \u201cexternalidades\u201d ( o que n\u00e3o entra na contabilidade dos neg\u00f3cios). Elas s\u00e3o fundamentalmente duas: uma degradante <em>injusti\u00e7a social<\/em> com n\u00edveis altos de desemprego e crescente desigualdade; e uma amea\u00e7adora <em>injusti\u00e7a ecol\u00f3gica<\/em> com a degrada\u00e7\u00e3o de inteiros ecossistema, eros\u00e3o da biodiversidade (com o desaparecimento entre 30-100 mil esp\u00e9cies de seres vivos, por ano, segundo dados do bi\u00f3logo E. Wilson), crescente aquecimento global, escassez de \u00e1gua pot\u00e1vel e insustentabilidade geral do sistema-vida e do sistema-Terra.<\/p>\n<p>Estas duas injun\u00e7\u00f5es est\u00e3o pondo de joelhos o sistema capitalista. Se ele quisesse universalizar o bem-estar que propicia aos pa\u00edses ricos, precisar\u00edamos, pelo menos, de tr\u00eas Terras iguais a esta que dispomos, o que evidentemente \u00e9 imposs\u00edvel. O n\u00edvel de explora\u00e7\u00e3o das \u201cbondades da natureza\u201d como s\u00e3o chamados pelos andinos os bens e servi\u00e7os naturais s\u00e3o de tal ordem que em setembro deste ano se verificou \u201co dia da ultrapassagem\u201d (<em>the Earth overshoot Day<\/em>). Em outras palavras, a Terra n\u00e3o possui mais a capacidade, por si mesma, de atender as demandas humanas. Ela precisa de um ano e meio para repor o que lhe subtra\u00edmos durante um ano. Ela se tornou perigosamente insustent\u00e1vel. Ou refreamos voracidade da acumula\u00e7\u00e3o de riqueza e de consumo para permitir que ela descanse e se refa\u00e7a ou devemos nos preparar para o pior.<\/p>\n<p>Por se tratar de uma super-Ente vivo (Gaia), limitado, com escassez de bens e servi\u00e7os e agora doente, mas sempre combinando todos os fatores garantindo as bases f\u00edsicas, qu\u00edmicas e ecol\u00f3gicas para reprodu\u00e7\u00e3o da vida, tal processo de degrada\u00e7\u00e3o despropositada pode impossibitar a reprodu\u00e7\u00e3o do sistema e\u00a0 gerar um colapso ecol\u00f3gico-social de propor\u00e7\u00f5es dantescas.<\/p>\n<p>A consequ\u00eancia seria que a Terra teria derrotado definitivamente o sistema do capital, subtraindo-lhe a capacidade de se reproduzir junto com sua cultura materialista de consumo ilimitado e individualista. O que n\u00e3o temos conseguido historicamente por processos hist\u00f3rico-sociais alternativos (era o prop\u00f3sito do socialismo), o conseguir\u00e3o a natureza e a Terra. Esta, na verdade, se livraria de uma c\u00e9lula cancer\u00edgena que est\u00e1 amea\u00e7ando de met\u00e1stase todo o organismo de Gaia.<\/p>\n<p>Nesse entretempo a n\u00f3s cabe a tarefa de desde dentro do sistema, alargar as brechas, explorar todas as suas contradi\u00e7\u00f5es para garantir especialmente aos mais humildes da Terra o essencial para sua subsist\u00eancia: a alimenta\u00e7\u00e3o, o trabalho, a moradia, a educa\u00e7\u00e3o, os servi\u00e7os b\u00e1sicos e um pouco de lazer. \u00c9 o que vem sendo feito no Brasil e em muitos outros pa\u00edses. Do mal tirar o m\u00ednimo de bem necess\u00e1rio para a continuidade da vida e da civiliza\u00e7\u00e3o.<\/p>\n<p>E no mais, \u00e9 rezar e se preparar para o pior.<\/p>\n<p>________________________________<\/p>\n<p><em>Leonardo Boff<\/em><em> \u00e9 um te\u00f3logo brasileiro, escritor e professor universit\u00e1rio, expoente da <\/em><em><a target=\"_blank\" href=\"http:\/\/pt.wikipedia.org\/wiki\/Teologia_da_Liberta%C3%A7%C3%A3o\" >Teologia da Liberta\u00e7\u00e3o<\/a><\/em><em> no Brasil e <\/em><em>membro da Iniciativa Internacional da Carta da Terra<\/em><em>. Foi membro da Ordem dos Frades Menores, mais conhecidos como Franciscanos. \u00c9 respeitado pela sua hist\u00f3ria de defesa pelas causas sociais e atualmente debate tamb\u00e9m quest\u00f5es ambientais.<\/em><em> Colunista do <\/em>Jornal do Brasil<em>, e<\/em><em>screveu<\/em> Francisco de Assis: ternura e vigor, <em>Vozes 2000.<\/em><\/p>\n<p><a target=\"_blank\" href=\"https:\/\/leonardoboff.wordpress.com\/2015\/11\/27\/o-capitalismo-sera-derrotado-pela-terra\/\" >Go to Original \u2013 leonardoboff.wordpress.com<\/a><\/p>\n","protected":false},"excerpt":{"rendered":"<p>Depois que a sociedade passou a ser de mercado e tudo virou oportunidade de ganho, at\u00e9 as coisas mais sagradas como \u00f3rg\u00e3os humanos, \u00e1gua e a capacidade de poliniza\u00e7\u00e3o das flores, os chefes de Estados, em sua grande parte, s\u00e3o for\u00e7ados a gerir a macroeconomia globalmente integrada e menos atender ao bem comum de seu povo.<\/p>\n","protected":false},"author":4,"featured_media":0,"comment_status":"open","ping_status":"closed","sticky":false,"template":"","format":"standard","meta":{"footnotes":""},"categories":[46],"tags":[],"class_list":["post-67048","post","type-post","status-publish","format-standard","hentry","category-original-languages"],"_links":{"self":[{"href":"https:\/\/www.transcend.org\/tms\/wp-json\/wp\/v2\/posts\/67048","targetHints":{"allow":["GET"]}}],"collection":[{"href":"https:\/\/www.transcend.org\/tms\/wp-json\/wp\/v2\/posts"}],"about":[{"href":"https:\/\/www.transcend.org\/tms\/wp-json\/wp\/v2\/types\/post"}],"author":[{"embeddable":true,"href":"https:\/\/www.transcend.org\/tms\/wp-json\/wp\/v2\/users\/4"}],"replies":[{"embeddable":true,"href":"https:\/\/www.transcend.org\/tms\/wp-json\/wp\/v2\/comments?post=67048"}],"version-history":[{"count":0,"href":"https:\/\/www.transcend.org\/tms\/wp-json\/wp\/v2\/posts\/67048\/revisions"}],"wp:attachment":[{"href":"https:\/\/www.transcend.org\/tms\/wp-json\/wp\/v2\/media?parent=67048"}],"wp:term":[{"taxonomy":"category","embeddable":true,"href":"https:\/\/www.transcend.org\/tms\/wp-json\/wp\/v2\/categories?post=67048"},{"taxonomy":"post_tag","embeddable":true,"href":"https:\/\/www.transcend.org\/tms\/wp-json\/wp\/v2\/tags?post=67048"}],"curies":[{"name":"wp","href":"https:\/\/api.w.org\/{rel}","templated":true}]}}