{"id":67054,"date":"2015-11-30T12:00:07","date_gmt":"2015-11-30T12:00:07","guid":{"rendered":"https:\/\/www.transcend.org\/tms\/?p=67054"},"modified":"2015-11-30T01:55:34","modified_gmt":"2015-11-30T01:55:34","slug":"portugues-organizacao-sea-shepherd-alerta-japao-contra-o-recomeco-da-caca-a-baleia","status":"publish","type":"post","link":"https:\/\/www.transcend.org\/tms\/2015\/11\/portugues-organizacao-sea-shepherd-alerta-japao-contra-o-recomeco-da-caca-a-baleia\/","title":{"rendered":"(Portugu\u00eas) Organiza\u00e7\u00e3o Sea Shepherd alerta Jap\u00e3o contra o recome\u00e7o da ca\u00e7a a baleia"},"content":{"rendered":"<p><em><a href=\"https:\/\/www.transcend.org\/tms\/wp-content\/uploads\/2015\/07\/logo-Sleppid-Grindini-200x200-seashepherd-faroe-islands.png\" ><img loading=\"lazy\" decoding=\"async\" class=\"aligncenter wp-image-61327 size-full\" src=\"https:\/\/www.transcend.org\/tms\/wp-content\/uploads\/2015\/07\/logo-Sleppid-Grindini-200x200-seashepherd-faroe-islands.png\" alt=\"logo-Sleppid-Grindini-200x200 seashepherd faroe islands\" width=\"200\" height=\"200\" srcset=\"https:\/\/www.transcend.org\/tms\/wp-content\/uploads\/2015\/07\/logo-Sleppid-Grindini-200x200-seashepherd-faroe-islands.png 200w, https:\/\/www.transcend.org\/tms\/wp-content\/uploads\/2015\/07\/logo-Sleppid-Grindini-200x200-seashepherd-faroe-islands-150x150.png 150w\" sizes=\"auto, (max-width: 200px) 100vw, 200px\" \/><\/a>A organiza\u00e7\u00e3o ambiental Sea Shepherd alertou hoje o Jap\u00e3o contra o recome\u00e7o da &#8220;ca\u00e7a para fins cient\u00edficos&#8221; no Ant\u00e1rtico, apelando ao Governo australiano que intervenha.<\/em><\/p>\n<p><em>29 nov 2015 &#8211; <\/em>Ap\u00f3s uma d\u00e9cada de campanhas da Sea Shepherd, o Jap\u00e3o foi obrigado a abandonar a ca\u00e7a no Ant\u00e1rtico, depois de o Tribunal Internacional de Justi\u00e7a declarar que a expedi\u00e7\u00e3o anual constitu\u00eda uma atividade comercial disfar\u00e7ada de investiga\u00e7\u00e3o.<\/p>\n<p>No entanto, no s\u00e1bado [28 nov], os meios de comunica\u00e7\u00e3o japoneses noticiaram que a ca\u00e7a vai recome\u00e7ar no pr\u00f3ximo ano, apesar de pedidos dos reguladores para que sejam apresentadas mais provas de que as expedi\u00e7\u00f5es t\u00eam objetivos cient\u00edficos.<\/p>\n<p><a href=\"https:\/\/www.transcend.org\/tms\/wp-content\/uploads\/2015\/11\/japan-jap\u00e3o-ca\u00e7a-baleia-whales-sea-shepherd-icj.jpe\" ><img loading=\"lazy\" decoding=\"async\" class=\"aligncenter wp-image-67055\" src=\"https:\/\/www.transcend.org\/tms\/wp-content\/uploads\/2015\/11\/japan-jap\u00e3o-ca\u00e7a-baleia-whales-sea-shepherd-icj.jpe\" alt=\"japan jap\u00e3o ca\u00e7a baleia whales sea shepherd  icj\" width=\"700\" height=\"394\" srcset=\"https:\/\/www.transcend.org\/tms\/wp-content\/uploads\/2015\/11\/japan-jap\u00e3o-ca\u00e7a-baleia-whales-sea-shepherd-icj.jpe 960w, https:\/\/www.transcend.org\/tms\/wp-content\/uploads\/2015\/11\/japan-jap\u00e3o-ca\u00e7a-baleia-whales-sea-shepherd-icj-300x169.jpe 300w\" sizes=\"auto, (max-width: 700px) 100vw, 700px\" \/><\/a><\/p>\n<p>&#8220;As \u00e1guas cristalinas do Oceano Ant\u00e1rtico est\u00e3o novamente sob a amea\u00e7a de ca\u00e7adores&#8221;, disse o chefe executivo da Sea Shepherd, Alex Cornelissen.<\/p>\n<p>&#8220;Quer\u00edamos lembrar o Governo japon\u00eas de que as baleias do Oceano Ant\u00e1rtico est\u00e3o protegidas por leis internacionais, leis australianas e pela Sea Shepherd. Assim, qualquer viola\u00e7\u00e3o do Santu\u00e1rio da Baleia do Oceano Ant\u00e1rtico ou do Santu\u00e1rio da Baleia Australiana ser\u00e1 encarada como um ato criminoso&#8221;, acrescentou.<\/p>\n<p>A Austr\u00e1lia liderou os esfor\u00e7os para persuadir o Jap\u00e3o a suspender a ca\u00e7a \u00e0s baleias. Por esse motivo, a Sea Shepherd pediu ao primeiro-ministro Malcolm Turnbull para recorrer \u00e0 diplomacia, numa tentativa de que a ca\u00e7a n\u00e3o recomece.<\/p>\n<p>&#8220;O primeiro-ministro Turnbull tem o dever de garantir que a quest\u00e3o urgente da ca\u00e7a \u00e0s baleias do Jap\u00e3o est\u00e1 no topo da agenda quando visitar o Jap\u00e3o em dezembro&#8221;, disse o diretor da Sea Shepherd Austr\u00e1lia, Jeff Hansen.<\/p>\n<p><em>ISG\/\/ISG &#8211; Lusa<\/em><\/p>\n<p><a target=\"_blank\" href=\"http:\/\/24.sapo.pt\/article\/lusa-sapo-pt_2015_11_29_1326206275_organizacao-sea-shepherd-alerta-japao-contra-o-recomeco-da-caca-a-baleia\" >Go to Original \u2013 24.sapo.pt<\/a><\/p>\n","protected":false},"excerpt":{"rendered":"<p>A organiza\u00e7\u00e3o ambiental Sea Shepherd alertou hoje o Jap\u00e3o contra o recome\u00e7o da &#8220;ca\u00e7a para fins cient\u00edficos&#8221; no Ant\u00e1rtico, apelando ao Governo australiano que intervenha.<\/p>\n","protected":false},"author":4,"featured_media":0,"comment_status":"open","ping_status":"closed","sticky":false,"template":"","format":"standard","meta":{"footnotes":""},"categories":[46],"tags":[],"class_list":["post-67054","post","type-post","status-publish","format-standard","hentry","category-original-languages"],"_links":{"self":[{"href":"https:\/\/www.transcend.org\/tms\/wp-json\/wp\/v2\/posts\/67054","targetHints":{"allow":["GET"]}}],"collection":[{"href":"https:\/\/www.transcend.org\/tms\/wp-json\/wp\/v2\/posts"}],"about":[{"href":"https:\/\/www.transcend.org\/tms\/wp-json\/wp\/v2\/types\/post"}],"author":[{"embeddable":true,"href":"https:\/\/www.transcend.org\/tms\/wp-json\/wp\/v2\/users\/4"}],"replies":[{"embeddable":true,"href":"https:\/\/www.transcend.org\/tms\/wp-json\/wp\/v2\/comments?post=67054"}],"version-history":[{"count":0,"href":"https:\/\/www.transcend.org\/tms\/wp-json\/wp\/v2\/posts\/67054\/revisions"}],"wp:attachment":[{"href":"https:\/\/www.transcend.org\/tms\/wp-json\/wp\/v2\/media?parent=67054"}],"wp:term":[{"taxonomy":"category","embeddable":true,"href":"https:\/\/www.transcend.org\/tms\/wp-json\/wp\/v2\/categories?post=67054"},{"taxonomy":"post_tag","embeddable":true,"href":"https:\/\/www.transcend.org\/tms\/wp-json\/wp\/v2\/tags?post=67054"}],"curies":[{"name":"wp","href":"https:\/\/api.w.org\/{rel}","templated":true}]}}