{"id":68271,"date":"2015-12-28T12:00:56","date_gmt":"2015-12-28T12:00:56","guid":{"rendered":"https:\/\/www.transcend.org\/tms\/?p=68271"},"modified":"2015-12-28T04:08:57","modified_gmt":"2015-12-28T04:08:57","slug":"italiano-natale-2015-tra-capitini-maometto-e-gesu","status":"publish","type":"post","link":"https:\/\/www.transcend.org\/tms\/2015\/12\/italiano-natale-2015-tra-capitini-maometto-e-gesu\/","title":{"rendered":"(Italiano) Natale 2015: tra Capitini, Maometto e Ges\u00f9"},"content":{"rendered":"<p><a href=\"https:\/\/www.transcend.org\/tms\/wp-content\/uploads\/2013\/04\/nanni-salio-180x167.jpg\"  rel=\"attachment wp-att-27918\"><img loading=\"lazy\" decoding=\"async\" class=\"alignleft size-thumbnail wp-image-27918\" src=\"https:\/\/www.transcend.org\/tms\/wp-content\/uploads\/2013\/04\/nanni-salio-180x167-150x150.jpg\" alt=\"nanni-salio-180x167\" width=\"150\" height=\"150\" \/><\/a><\/p>\n<p><em>23 dicembre 2015<\/em> &#8211; Le date di nascita di Maometto e Ges\u00f9 sono incerte, ma quella di Ges\u00f9 \u00e8 da sempre convenzionalmente festeggiata il 25 dicembre nel Natale cristiano. Tuttavia, quest\u2019anno, come ci ricorda la grande fotoreporter Monika Bulaj (La Repubblica, 20 dicembre2015) \u201cper la prima volta negli ultimi quattrocentocinquantasette\u2026 Maometto nasce quando nasce Ges\u00f9\u2026. Coincidenze. Del resto, e oggi pare cos\u00ec strano ricordarlo, le due religioni si sono rispecchiate l\u2019una nell\u2019altra nei secoli a suon di melodie e usanze, e si sono prestate poesie e riti come i buoni vicini si prestano il sale.\u201d<\/p>\n<p>Ma c\u2019 \u00e8 un\u2019altra data che \u00e8 bene ricordare. Oggi, 23 dicembre, \u00e8 la ricorrenza della nascita di Aldo Capitini, il grande maestro della nonviolenza italiana. E poi, scusate se \u00e8 poco, tra le due date sono nato io, il 24 dicembre 1943, in piena guerra mondiale.<\/p>\n<p>Auguriamoci che queste concomitanze possano portare un po\u2019 di luce e speranza a questa umanit\u00e0 affannata, inquieta e desiderosa di maggiore serenit\u00e0, tra caos climatico e minacce di guerre totali.<\/p>\n<p><a href=\"https:\/\/www.transcend.org\/tms\/wp-content\/uploads\/2015\/12\/Occhio-per-occhio-e-il-mondo-diventa-cieco-Gandhi-4-nanni-sereno-regis-natal.png\"  rel=\"attachment wp-att-68272\"><img loading=\"lazy\" decoding=\"async\" class=\"aligncenter wp-image-68272\" src=\"https:\/\/www.transcend.org\/tms\/wp-content\/uploads\/2015\/12\/Occhio-per-occhio-e-il-mondo-diventa-cieco-Gandhi-4-nanni-sereno-regis-natal.png\" alt=\"Occhio-per-occhio-e-il-mondo-diventa-cieco-Gandhi-4 nanni sereno regis natal\" width=\"700\" height=\"259\" srcset=\"https:\/\/www.transcend.org\/tms\/wp-content\/uploads\/2015\/12\/Occhio-per-occhio-e-il-mondo-diventa-cieco-Gandhi-4-nanni-sereno-regis-natal.png 851w, https:\/\/www.transcend.org\/tms\/wp-content\/uploads\/2015\/12\/Occhio-per-occhio-e-il-mondo-diventa-cieco-Gandhi-4-nanni-sereno-regis-natal-300x111.png 300w, https:\/\/www.transcend.org\/tms\/wp-content\/uploads\/2015\/12\/Occhio-per-occhio-e-il-mondo-diventa-cieco-Gandhi-4-nanni-sereno-regis-natal-768x284.png 768w\" sizes=\"auto, (max-width: 700px) 100vw, 700px\" \/><\/a><\/p>\n<p>Intanto, oltre a queste occasioni di festa e di celebrazione, continuiamo nel nostro lavoro quotidiano, come tante piccole formiche nonviolente e invitiamo tutti e tutte a unirsi nel progetto di costruzione di una societ\u00e0 pi\u00f9 armonica e nonviolenta.<\/p>\n<p>___________________________________<\/p>\n<p><em>Prof. Nanni Salio \u00e8 membro della <a href=\"https:\/\/www.transcend.org\/\" >Rete TRANSCEND per la Pace, Sviluppo e Ambiente<\/a> <\/em><em>e Direttore<\/em> <em>del <a target=\"_blank\" href=\"http:\/\/serenoregis.org\/\" >Centro Studi Sereno Regis<\/a> a Torino.<\/em><\/p>\n<p><a target=\"_blank\" href=\"http:\/\/serenoregis.org\/2015\/12\/23\/natale-2015-tra-capitini-maometto-e-gesu-nanni-salio\/\" >Go to Original \u2013 serenoregis.org<\/a><\/p>\n","protected":false},"excerpt":{"rendered":"<p>Intanto, oltre a queste occasioni di festa e di celebrazione, continuiamo nel nostro lavoro quotidiano, come tante piccole formiche nonviolente e invitiamo tutti e tutte a unirsi nel progetto di costruzione di una societ\u00e0 pi\u00f9 armonica e nonviolenta.<\/p>\n","protected":false},"author":4,"featured_media":0,"comment_status":"open","ping_status":"closed","sticky":false,"template":"","format":"standard","meta":{"footnotes":""},"categories":[46],"tags":[],"class_list":["post-68271","post","type-post","status-publish","format-standard","hentry","category-original-languages"],"_links":{"self":[{"href":"https:\/\/www.transcend.org\/tms\/wp-json\/wp\/v2\/posts\/68271","targetHints":{"allow":["GET"]}}],"collection":[{"href":"https:\/\/www.transcend.org\/tms\/wp-json\/wp\/v2\/posts"}],"about":[{"href":"https:\/\/www.transcend.org\/tms\/wp-json\/wp\/v2\/types\/post"}],"author":[{"embeddable":true,"href":"https:\/\/www.transcend.org\/tms\/wp-json\/wp\/v2\/users\/4"}],"replies":[{"embeddable":true,"href":"https:\/\/www.transcend.org\/tms\/wp-json\/wp\/v2\/comments?post=68271"}],"version-history":[{"count":0,"href":"https:\/\/www.transcend.org\/tms\/wp-json\/wp\/v2\/posts\/68271\/revisions"}],"wp:attachment":[{"href":"https:\/\/www.transcend.org\/tms\/wp-json\/wp\/v2\/media?parent=68271"}],"wp:term":[{"taxonomy":"category","embeddable":true,"href":"https:\/\/www.transcend.org\/tms\/wp-json\/wp\/v2\/categories?post=68271"},{"taxonomy":"post_tag","embeddable":true,"href":"https:\/\/www.transcend.org\/tms\/wp-json\/wp\/v2\/tags?post=68271"}],"curies":[{"name":"wp","href":"https:\/\/api.w.org\/{rel}","templated":true}]}}