{"id":68735,"date":"2016-01-11T12:00:50","date_gmt":"2016-01-11T12:00:50","guid":{"rendered":"https:\/\/www.transcend.org\/tms\/?p=68735"},"modified":"2016-01-10T20:24:16","modified_gmt":"2016-01-10T20:24:16","slug":"francais-les-massacres-sont-ils-plus-interessants-lorsquils-sont-commis-par-des-musulmans","status":"publish","type":"post","link":"https:\/\/www.transcend.org\/tms\/2016\/01\/francais-les-massacres-sont-ils-plus-interessants-lorsquils-sont-commis-par-des-musulmans\/","title":{"rendered":"(Fran\u00e7ais) Les massacres sont-ils plus int\u00e9ressants lorsqu\u2019ils sont commis par des &#8220;musulmans&#8221; ?"},"content":{"rendered":"<p><em>D\u00e9j\u00e0 presque deux mois se sont \u00e9coul\u00e9s depuis les attentats meurtriers de Paris et l&#8217;\u00e9motion est encore vive. <\/em><em>Le bilan macabre s&#8217;\u00e9l\u00e8ve \u00e0 132 morts et de 352 bless\u00e9s. Pendant la m\u00eame p\u00e9riode, un h\u00f4pital de m\u00e9decins sans fronti\u00e8res (MSF) a \u00e9t\u00e9 d\u00e9lib\u00e9r\u00e9ment bombard\u00e9 par l&#8217;aviation Etasunienne en Afghanistan, un double attentat suicide a \u00e9t\u00e9 perp\u00e9tr\u00e9 dans la banlieue sud de Beyrouth et une \u00e9cole Irakienne au Mossoul a \u00e9t\u00e9 bombard\u00e9e par l&#8217;aviation Fran\u00e7aise.<\/em><\/p>\n<p><em><a href=\"https:\/\/www.transcend.org\/tms\/wp-content\/uploads\/2016\/01\/aladdin011-9b468-alibaba-muslim.jpg\"  rel=\"attachment wp-att-68736\"><img loading=\"lazy\" decoding=\"async\" class=\"aligncenter wp-image-68736\" src=\"https:\/\/www.transcend.org\/tms\/wp-content\/uploads\/2016\/01\/aladdin011-9b468-alibaba-muslim.jpg\" alt=\"aladdin011-9b468 alibaba muslim\" width=\"700\" height=\"425\" srcset=\"https:\/\/www.transcend.org\/tms\/wp-content\/uploads\/2016\/01\/aladdin011-9b468-alibaba-muslim.jpg 600w, https:\/\/www.transcend.org\/tms\/wp-content\/uploads\/2016\/01\/aladdin011-9b468-alibaba-muslim-300x182.jpg 300w\" sizes=\"auto, (max-width: 700px) 100vw, 700px\" \/><\/a><br \/>\n<\/em><em>8 janvier 2016 &#8211; <\/em>Les premiers \u00e9v\u00e9nements (attentats de Paris) ont \u00e9t\u00e9 couverts de mani\u00e8re tr\u00e8s large en Suisse et partout dans le monde. Par exemple, Le temps, le m\u00e9dia de r\u00e9f\u00e9rence francophone Suisse nous inonde d\u2019informations. plus de 310 r\u00e9sultats s\u2019affichent lorsqu\u2019on tape les mots cl\u00e9s &#8220;attentats de Paris&#8221;\u00a0: revue de presse, suivi de l\u2019enqu\u00eate, les r\u00e9actions des organisations musulmanes sont recueillies (c\u2019est comme si on allait demander aux chr\u00e9tiens de rendre des comptes apr\u00e8s les attentats d\u2019Anders Breivik qui se d\u00e9finissait lui-m\u00eame comme fondamentaliste chr\u00e9tien), la parole d\u2019un islamophobe patent\u00e9 est diffus\u00e9e, et j\u2019en passe et des meilleures.<\/p>\n<p>Le 03 Octobre 2015, les forces a\u00e9riennes \u00c9tasuniennes avaient attaqu\u00e9 \u00e0 r\u00e9p\u00e9tition et de mani\u00e8re d\u00e9lib\u00e9r\u00e9e un h\u00f4pital de MSF \u00e0 Kunduz, en Afghanistan. Le bombardement a fait au moins 30 morts (tous de nationalit\u00e9 afghane), en d\u00e9pit de la communication des coordonn\u00e9es GPS de l\u2019h\u00f4pital \u00e0 la coalition et aux autorit\u00e9s afghanes bien avant le massacre et des multiples appels de MSF \u00e0 l\u2019Afghanistan, aux responsables am\u00e9ricains et \u00e0 l\u2019OTAN, pour arr\u00eater les frappes. Selon une revue pr\u00e9liminaire interne de MSF\u00a0:<\/p>\n<p><em>&#8221; Les patients ont br\u00fbl\u00e9 vifs dans leurs lits, le personnel m\u00e9dical a \u00e9t\u00e9 d\u00e9capit\u00e9, amput\u00e9, d\u2019autres ont \u00e9t\u00e9 abattus par l\u2019avion de combat AC-130 qui tournoyait au-dessus du b\u00e2timent en feu&#8221;.<\/em><\/p>\n<p>La recherche suivante\u00a0: &#8220;Kunduz + MSF&#8221; sur le site du temps.ch, donne 13 r\u00e9sultats. Le premier article sur le sujet, publi\u00e9 le jour m\u00eame, soit le 03 Octobre et modifi\u00e9 le 12 Octobre, rapporte l\u2019\u00e9v\u00e9nement de mani\u00e8re prudente. On peut lire\u00a0:<\/p>\n<p><em>&#8221; Le bombardement de l\u2019h\u00f4pital de M\u00e9decins sans Fronti\u00e8res (MSF) dans la ville afghane de Kunduz, qui pourrait \u00eatre un raid am\u00e9ricain, a provoqu\u00e9 la mort de dix-neuf personnes, dont douze employ\u00e9s et sept patients. Il se serait poursuivi 30 minutes apr\u00e8s que l\u2019ONG a averti Washington que l\u2019\u00e9tablissement \u00e9tait touch\u00e9&#8221;.<\/em><\/p>\n<p>Le premier rapport de MSF souligne que <em>&#8220;toutes les indications pointent actuellement que le bombardement a \u00e9t\u00e9 men\u00e9 par les forces internationales de la Coalition&#8221;<\/em>, et que les frappes ont dur\u00e9 exactement de 02h08 jusqu\u2019\u00e0 03h15. L\u2019emploi du conditionnel n\u2019est donc pas justifi\u00e9. Deux jours plus tard la mise en cause des USA par MSF a \u00e9t\u00e9 sans \u00e9quivoque.<\/p>\n<p>A la suite, aucun jugement de valeur, on se contente de rapporter passivement les d\u00e9clarations Etasuniennes. Combien de fois on a qualifi\u00e9 ces actes de terrorisme (d\u2019\u00e9tat), de violation criante du droit international humanitaire ou de crime de guerre\u00a0? Aucune fois. On euph\u00e9mise, on nous parle plut\u00f4t de bavure. Il y a eu certes plusieurs articles rapportant la version de MSF, mais les bombardements US n\u2019ont pas re\u00e7u la couverture m\u00e9diatique (gros titres et indignation \u00e9ditoriale) m\u00e9rit\u00e9e comme ce fut la couverture des attentats de paris.<\/p>\n<p>La veille des attentats de Paris, le 12 Novembre 2015, un double attentat suicide a fait 43 victimes et 239 bless\u00e9s dans la banlieue sud de Beyrouth. L\u2019un des attentats les plus meurtriers qu\u2019a connu le pays. Ce drame est rapport\u00e9 5 fois sur le temps.ch, dont 4 fois de mani\u00e8re secondaire. Et plus r\u00e9cemment, le 25 Novembre 2015, l\u2019aviation fran\u00e7aise a commis un massacre en bombardant une \u00e9cole Irakienne au Mossoul faisant 28 victimes et 2 bless\u00e9s grave, tous des \u00e9l\u00e8ves de l\u2019\u00e9cole. Aucun r\u00e9sultat lorsqu\u2019on fait la recherche\u00a0:&#8221;bombardement + \u00e9cole+ Irak&#8221;, nada.<\/p>\n<p>Pour en avoir le c\u0153ur net, un e-mail a \u00e9t\u00e9 envoy\u00e9 en date du 07 D\u00e9cembre 2015 \u00e0 la r\u00e9daction du journal &#8220;Le temps&#8221; pour demander des explications. En voici le contenu\u00a0:<\/p>\n<p><strong><em>Madame, Monsieur,<\/em><\/strong><\/p>\n<p>Je vous contacte concernant la couverture m\u00e9diatique des attentats de paris, mais aussi par rapport \u00e0 d\u2019autres \u00e9v\u00e9nements macabres survenus pendant la m\u00eame p\u00e9riode.<\/p>\n<p>Comme vous le savez, 30 personnes ont \u00e9t\u00e9 tu\u00e9es dans les bombardements \u00c9tasuniens sur l\u2019h\u00f4pital de MSF, 43 victimes ont p\u00e9ri dans un double attentat kamikaze \u00e0 Beyrouth et 28 \u00e9l\u00e8ves ont \u00e9t\u00e9 massacr\u00e9s dans un bombardement de l\u2019aviation Fran\u00e7aise de leur \u00e9cole en Irak.<\/p>\n<p><strong><em>Je note une couverture tr\u00e8s large des premiers attentats, mais une couverture beaucoup plus restreinte (h\u00f4pital MSF), voire nulle des autres \u00e9v\u00e9nements. <\/em><\/strong><strong><em>Il n\u2019y a aucun jugement de valeur concernant les frappes des \u00c9tats-Unis malgr\u00e9 que ce soit criminel et \u00e0 l\u2019encontre du droit international. Vous me direz qu\u2019en tant que journalistes, vous devez rester neutres. Alors dans ce cas pourquoi il existe une s\u00e9mantique diff\u00e9rente entre les diff\u00e9rents \u00e9v\u00e9nements\u00a0? Les attentats de paris sont associ\u00e9s au mot &#8220;terrorisme&#8221; 158 fois sur votre site, tandis que ce mot n\u2019est jamais associ\u00e9 aux frappes criminelles qui ont cibl\u00e9 l\u2019h\u00f4pital de MSF en Afghanistan (il s\u2019agit de terrorisme d\u2019\u00e9tat). Quelle serait le traitement m\u00e9diatique si 28 enfants occidentaux auraient \u00e9t\u00e9 bombard\u00e9s\u00a0?<\/em><\/strong><\/p>\n<p><strong><em>J\u2019aimerais connaitre la raison de ce traitement disproportionnel\u00a0?<\/em><\/strong><\/p>\n<p>A ce jour, aucune r\u00e9ponse n\u2019a \u00e9t\u00e9 rendue.<\/p>\n<p><strong>Indignation \u00e0 g\u00e9om\u00e9trie variable des politiques<\/strong><\/p>\n<p>Les r\u00e9actions des politiques Suisses sont sur la m\u00eame ligne de ce qui a pr\u00e9c\u00e9d\u00e9 (ou l\u2019inverse, on ne sait pas trop). On assiste \u00e0 un floril\u00e8ge de d\u00e9clarations publiques\u00a0: condamnation des violences, condol\u00e9ances, pens\u00e9es aux familles des victimes, allant jusqu\u2019\u00e0 l\u2019instrumentalisation de la peur et au populisme.<\/p>\n<p>\u00ab\u00a0La Suisse en pens\u00e9e avec la France\u00a0\u00bb. Simonetta Sommaruga. Pr\u00e9sidente de la Conf\u00e9d\u00e9ration. <a target=\"_blank\" href=\"http:\/\/www.rts.ch\/info\/suisse\/7253328-simonetta-sommaruga-la-suisse-est-en-pensee-avec-la-france-.html\" >http:\/\/www.rts.ch\/info\/suisse\/72533&#8230;<\/a><\/p>\n<p>&#8220;Atterr\u00e9 par cette violence inou\u00efe, mes pens\u00e9es sont aupr\u00e8s des victimes, de leurs familles et de la France meurtrie #ParisAttacks&#8221;. Christophe Darbellay. Conseiller national Pr\u00e9sident du PDC Suisse. <a target=\"_blank\" href=\"https:\/\/twitter.com\/C_Darbellay\/status\/665424746155220992?ref_src=twsrc%5Etfw\" >https:\/\/twitter.com\/C_Darbellay\/sta&#8230;<\/a><\/p>\n<p>&#8220;Quand \u00e7a chauffe\u00a0: 1) on rentre les gosses\u00a0; 2) on suspend Schengen. #attentats&#8221;. Oskar Freysinger. Conseiller d\u2019Etat valaisan (UDC) et conseiller national suisse. <a target=\"_blank\" href=\"https:\/\/twitter.com\/OskarFreysinger\/status\/665454121286279170?ref_src=twsrc%5Etfw\" >https:\/\/twitter.com\/OskarFreysinger&#8230;<\/a><\/p>\n<p>&#8220;Paris, capitale de la douleur du monde&#8221;. Christian Levrat. Pr\u00e9sident du PS Suisse et d\u00e9put\u00e9 au Conseil des Etats Fribourgeois. <a target=\"_blank\" href=\"https:\/\/twitter.com\/ChristianLevrat\/status\/665426236026593280?ref_src=twsrc%5Etfw\" >https:\/\/twitter.com\/ChristianLevrat&#8230;<\/a><\/p>\n<p>Vous l\u2019aurez compris, l\u2019indignation est s\u00e9lective, elle concerne exclusivement les attentats de Paris. Le reste n\u2019est apparemment pas int\u00e9ressant. Les vies humaines n\u2019ont d\u00e9cidemment pas toutes la m\u00eame valeur aux yeux des grands medias et de nos politiciens. Certaines victimes sont humanis\u00e9es, elles m\u00e9ritent notre indignation et notre compassion. On va jusqu\u2019\u00e0 parler d\u2019elles aux \u00e9l\u00e8ves, dans les \u00e9coles. Le crime dans ce cas est inf\u00e2me, les victimes m\u00e9ritent non seulement notre attention, mais on nous demandera d\u2019afficher notre solidarit\u00e9 avec la complicit\u00e9 des m\u00e9dias sociaux et des grands moteurs de recherche et sites web (facebook met un filtre tricolore et le &#8220;security check&#8221; \u00e0 disposition de ses utilisateurs, youtube affiche le drapeau tricolore fran\u00e7ais et google affiche un signe de solidarit\u00e9 avec la France&#8230;). D\u2019autres par contre, leur souffrance est minimis\u00e9e ou ignor\u00e9e. Ces victimes ne m\u00e9riteront par cons\u00e9quent pas notre attention ou notre indignation.<\/p>\n<p><a href=\"https:\/\/www.transcend.org\/tms\/wp-content\/uploads\/2016\/01\/google-france-luto-mourning.png\"  rel=\"attachment wp-att-68737\"><img loading=\"lazy\" decoding=\"async\" class=\"aligncenter size-full wp-image-68737\" src=\"https:\/\/www.transcend.org\/tms\/wp-content\/uploads\/2016\/01\/google-france-luto-mourning.png\" alt=\"google france luto mourning\" width=\"600\" height=\"401\" srcset=\"https:\/\/www.transcend.org\/tms\/wp-content\/uploads\/2016\/01\/google-france-luto-mourning.png 600w, https:\/\/www.transcend.org\/tms\/wp-content\/uploads\/2016\/01\/google-france-luto-mourning-300x201.png 300w\" sizes=\"auto, (max-width: 600px) 100vw, 600px\" \/><\/a><br \/>\n<a href=\"https:\/\/www.transcend.org\/tms\/wp-content\/uploads\/2016\/01\/google-france-luto-mourning2.png\"  rel=\"attachment wp-att-68738\"><img loading=\"lazy\" decoding=\"async\" class=\"aligncenter size-full wp-image-68738\" src=\"https:\/\/www.transcend.org\/tms\/wp-content\/uploads\/2016\/01\/google-france-luto-mourning2.png\" alt=\"google france luto mourning2\" width=\"600\" height=\"155\" srcset=\"https:\/\/www.transcend.org\/tms\/wp-content\/uploads\/2016\/01\/google-france-luto-mourning2.png 600w, https:\/\/www.transcend.org\/tms\/wp-content\/uploads\/2016\/01\/google-france-luto-mourning2-300x78.png 300w\" sizes=\"auto, (max-width: 600px) 100vw, 600px\" \/><\/a><\/p>\n<p><a target=\"_blank\" href=\"http:\/\/www.michelcollon.info\/Les-massacres-sont-ils-plus.html?lang=fr\" >Go to Original \u2013 michelcollon.info<\/a><\/p>\n","protected":false},"excerpt":{"rendered":"<p>D\u00e9j\u00e0 presque deux mois se sont \u00e9coul\u00e9s depuis les attentats meurtriers de Paris et l&#8217;\u00e9motion est encore vive. Pendant la m\u00eame p\u00e9riode, un h\u00f4pital de m\u00e9decins sans fronti\u00e8res (MSF) a \u00e9t\u00e9 d\u00e9lib\u00e9r\u00e9ment bombard\u00e9 par l&#8217;aviation Etasunienne en Afghanistan, un double attentat suicide a \u00e9t\u00e9 perp\u00e9tr\u00e9 dans la banlieue sud de Beyrouth et une \u00e9cole Irakienne au Mossoul a \u00e9t\u00e9 bombard\u00e9e par l&#8217;aviation Fran\u00e7aise. <\/p>\n","protected":false},"author":4,"featured_media":0,"comment_status":"open","ping_status":"closed","sticky":false,"template":"","format":"standard","meta":{"footnotes":""},"categories":[46],"tags":[],"class_list":["post-68735","post","type-post","status-publish","format-standard","hentry","category-original-languages"],"_links":{"self":[{"href":"https:\/\/www.transcend.org\/tms\/wp-json\/wp\/v2\/posts\/68735","targetHints":{"allow":["GET"]}}],"collection":[{"href":"https:\/\/www.transcend.org\/tms\/wp-json\/wp\/v2\/posts"}],"about":[{"href":"https:\/\/www.transcend.org\/tms\/wp-json\/wp\/v2\/types\/post"}],"author":[{"embeddable":true,"href":"https:\/\/www.transcend.org\/tms\/wp-json\/wp\/v2\/users\/4"}],"replies":[{"embeddable":true,"href":"https:\/\/www.transcend.org\/tms\/wp-json\/wp\/v2\/comments?post=68735"}],"version-history":[{"count":0,"href":"https:\/\/www.transcend.org\/tms\/wp-json\/wp\/v2\/posts\/68735\/revisions"}],"wp:attachment":[{"href":"https:\/\/www.transcend.org\/tms\/wp-json\/wp\/v2\/media?parent=68735"}],"wp:term":[{"taxonomy":"category","embeddable":true,"href":"https:\/\/www.transcend.org\/tms\/wp-json\/wp\/v2\/categories?post=68735"},{"taxonomy":"post_tag","embeddable":true,"href":"https:\/\/www.transcend.org\/tms\/wp-json\/wp\/v2\/tags?post=68735"}],"curies":[{"name":"wp","href":"https:\/\/api.w.org\/{rel}","templated":true}]}}