{"id":70511,"date":"2016-03-07T12:00:41","date_gmt":"2016-03-07T12:00:41","guid":{"rendered":"https:\/\/www.transcend.org\/tms\/?p=70511"},"modified":"2016-03-07T04:22:06","modified_gmt":"2016-03-07T04:22:06","slug":"italiano-spagna-uno-stato-due-o-cinque-in-alternativa","status":"publish","type":"post","link":"https:\/\/www.transcend.org\/tms\/2016\/03\/italiano-spagna-uno-stato-due-o-cinque-in-alternativa\/","title":{"rendered":"(Italiano) Spagna: uno Stato, due, o cinque in alternativa?"},"content":{"rendered":"<p><a href=\"https:\/\/www.transcend.org\/tms\/wp-content\/uploads\/2016\/03\/catalunya41-spain-catalunha-espanha-barcelona.jpg\"  rel=\"attachment wp-att-70512\"><img loading=\"lazy\" decoding=\"async\" class=\"aligncenter size-full wp-image-70512\" src=\"https:\/\/www.transcend.org\/tms\/wp-content\/uploads\/2016\/03\/catalunya41-spain-catalunha-espanha-barcelona.jpg\" alt=\"catalunya41 spain catalunha espanha barcelona\" width=\"542\" height=\"250\" srcset=\"https:\/\/www.transcend.org\/tms\/wp-content\/uploads\/2016\/03\/catalunya41-spain-catalunha-espanha-barcelona.jpg 542w, https:\/\/www.transcend.org\/tms\/wp-content\/uploads\/2016\/03\/catalunya41-spain-catalunha-espanha-barcelona-300x138.jpg 300w\" sizes=\"auto, (max-width: 542px) 100vw, 542px\" \/><\/a><\/p>\n<p><em>L\u2019Alf\u00e0s del Pi, Spain<\/em><\/p>\n<p>Due idee \u2013<em> Espa\u00f1a Una Grande Libre<\/em>: Spagna Una Grande Libera \u2013 <em>status quo<\/em> e <em>Espa\u00f1a Una Comunidad de Naciones<\/em>: Spagna una Comunit\u00e0 di Nazioni.<\/p>\n<p>Inoltre, un fatto: le forze in Catalogna favorevoli all\u2019indipendenza.<\/p>\n<p>Grande disparit\u00e0. E pericolosa: quando viene mantenuto lo status quo e\/o raggiunta l\u2019indipendenza con la violenza, le relazioni possono rimanere difficili per un lungo periodo. La storia della Penisola Iberica \u00e8 ricca di esempi.<\/p>\n<p>In questa controversia entrambe le parti presentano argomentazioni importanti.<\/p>\n<p>Un\u2019identit\u00e0 interna frammentata a riguardo della lingua, della storia condivisa e dell\u2019attaccamento alla localit\u00e0 geografica richiede quale identit\u00e0 esterna lo stato di essere una nazione indipendente riconosciuta. E questo riguarda non solo singole persone ma tutta la Spagna, una democrazia, con la maggioranza favorevole allo status quo.<\/p>\n<p>Entrambi gli argomenti, e ce ne sono altri, hanno solidi presupposti di verit\u00e0. Si trovano per\u00f2 agli estremi di una scala di valori che presenta molte posizioni intermedie che non appaiono nel dibattito spagnolo. Ambedue le parti temono di entrare in discorsi accomodanti perch\u00e8 non vogliono rischiare che questo venga interpretato come un indebolimento delle loro posizioni forti. Esiste anche una generale tendenza spagnola verso l\u2019estremismo (1492; Guerra Civile).<\/p>\n<p>Due parole invitano a discorsi pi\u00f9 ampi: <em>autonomia<\/em> e c<em>omunit\u00e0<\/em>. \u201cAutonomia\u201d sta a indicare una identit\u00e0 separata ma meno estrema che indipendenza. E \u201ccomunit\u00e0\u201d indica lo stare insieme di un gruppo di persone meno estremo che stato unitario.<\/p>\n<p>Ecco la \u201cSpagna come una struttura della Castiglia\u201d (Ortega y Gasset) con la Castiglia all\u2019interno e Madrid la pi\u00f9 vicina al centro e una periferia di Catalani, Baschi, Gallego, abitanti delle Baleari e delle Canarie, la costa e le isole.<\/p>\n<p>I Catalani non sono soli. Questo tuttavia potrebbe rafforzare gli estremismi: \u201cSe non fermiamo l\u2019indipendentismo adesso, la Spagna andr\u00e0 incontro al collasso\u201d, \u201cE\u2019 un problema di Madrid, non nostro, l\u2019intera struttura \u00e8 sbagliata\u201d.<\/p>\n<p>Ecco cinque alternative tra uno stato unitario e due stati:<\/p>\n<ol>\n<li><em>Decentramento<\/em><\/li>\n<li><em>Federazione<\/em><\/li>\n<li><em>Equilibrio<\/em><\/li>\n<li><em>Confederazione<\/em><\/li>\n<li><em>Associazione<\/em><\/li>\n<\/ol>\n<p>Prima di entrare nel dettaglio, un punto importante: queste diverse condizioni intermedie non si escludono a vicenda. Si pu\u00f2 prendere un\u2019idea qui, una l\u00e0.<\/p>\n<ol>\n<li>\u201c<strong>Decentramento\u201d <\/strong>vuole proprio dire quello: alcuni incarichi vengono delegati alla periferia; come da Londra a Belfast per l\u2019Irlanda del Nord, Cardiff per il Galles, Edimburgo per la Scozia; con un potere pi\u00f9 esteso nelle mani di Londra per un Regno \u201cUnito\u201d. Non esiste un\u2019entit\u00e0 del tipo \u201cLondra e dintorni\u201d. \u201cLondra\u201d ha di fatto due responsabilit\u00e0, se stessa e il Regno Unito.<\/li>\n<\/ol>\n<p>Le 17 \u201cautonom\u00edas\u201d spagnole evitano il problema in quanto coprono l\u2019intero territorio, ma \u00e8 Madrid che mantiene l\u2019autorit\u00e0 su tutto.<\/p>\n<ol start=\"2\">\n<li>\u201c<strong>Federazione\u201d <\/strong>va un passo oltre, coprendo l\u2019intero territorio con parti autonome che riconoscono al di sopra un centro, in cui le parti medesime rientrano in modo simmetrico per questioni finanziarie, come banca centrale-valuta, politica con l\u2019estero, sicurezza, comunicazioni fondamentali e trasporti, tecnologia dell\u2019informazione.<\/li>\n<li>\u201c<strong>Equilibrio\u201d<\/strong> va ancora oltre e conferisce autorit\u00e0 a pi\u00f9 livelli, non solo stato e nazioni ma municipalit\u00e0 (8, 122) e individui, dando potere di voto su argomenti vari che derivano dai vasti programmi di partito. Bisognerebbe armonizzare i livelli l\u2019un l\u2019altro \u2013 un sistema alla Svizzera.<\/li>\n<li>\u201c<strong>Confederazione\u201d <\/strong>porta il passo a stati indipendenti \u2013 2, 6? \u2013 che possono essere membri delle Nazioni Unite e avere proprie politiche a riguardo di finanza-estero-sicurezza-logistica, ma che si coordinano l\u2019un l\u2019altro quali partners con un rapporto altamente preferenziale di cooperazione. Come per l\u2019Unione Europea, anche se cerca di indirizzarsi pi\u00f9 verso una federazione.<\/li>\n<li>\u201c<strong>Associazione\u201d<\/strong> sta per relazioni positive, amichevoli e pacifiche ma non pi\u00f9 tra partners con rapporti altamente preferenziali, bens\u00ec soltanto \u201cpreferenziali\u201d.<\/li>\n<\/ol>\n<p>Al di l\u00e0 di tutto questo c\u2019\u00e8 la dissociazione, l\u2019indipendenza, anche se non violenta ma intesa come pace negativa; niente guerra, niente sfruttamento. Tra nazioni iberiche con millenni di pace positiva. Indifendibile, insostenibile.<\/p>\n<p>E viceversa un calderone di insoddisfazione con identit\u00e0 castigliane imposte e sfruttamento reale o immaginario. Insostenibile.<\/p>\n<p>E\u2019 \u201cuna-grande-libre\u201d. Ma dove \u00e8 la \u201ccomunidad-de-naciones\u201d?<\/p>\n<p>Tra le alternative lasciamo fuori la 1 e la 5, in quanto la 1 \u00e8 sproporzionata, con un vertice troppo ingombrante, e la 5 \u00e8 troppo libera. La combinazione di 2+3+4 sta per comunit\u00e0; noi scegliamo questa. Pi\u00f9 avanti provo a spiegare nei dettagli queste alternative, prendendo qualcosa da tutte e tre.<\/p>\n<p>E\u2019 necessaria un\u2019azione verso un maggior grado di <em>federazione, <\/em>che bilanci l\u2019autorit\u00e0 dello stato con l\u2019autorit\u00e0 della nazione; un decentramento della sola Catalogna va contro le norme di giustizia nel senso di eguaglianza per la legge e per la comunit\u00e0. Qualsiasi accordo particolare con la Catalogna aumenter\u00e0 la pressione da parte degli altri. Si potrebbero ritracciare i confini dell\u2019autonom\u00eda per farli coincidere con quelli della nazione oppure si potrebbero raggruppare insieme pi\u00f9 autonom\u00edas (come i cantoni in Svizzera).<\/p>\n<p>L\u2019autonomia nazionale prevede l\u2019opposizione tra monarchia e repubblica? Perch\u00e8 no? La Catalogna pu\u00f2 essere avanti a questo riguardo; dopo tutto, la monarchia \u00e8 comunque un\u2019istituzione che sta scomparendo, adottata in Spagna per convenienza politica.<\/p>\n<p><em>Equilibrio tra i livelli: <\/em>l\u2019autonomia nazionale in Spagna come comunit\u00e0 di nazioni \u00e8 incompatibile con il predominio castigliano a livello di stato e nell\u2019ambito pubblico, come \u00e8 testimoniato dagli articoli locali che ovunque caldeggiano il bilinguismo. Il diritto di poter parlare la propria lingua in parlamento e di essere compreso \u00e8 inalienabile; con spiegazioni in Basco e dal Basco. E con maggiore autonomia a livello locale e pi\u00f9 referendum.<\/p>\n<p>La <em>confederazione <\/em>rientra tra i diritti delle nazioni \u2013 sub-stati \u2013 di avere politiche estere differenti ma compatibili. Una soluzione potrebbe risiedere in delegazioni e ambasciate con rappresentanti delle Nazioni Unite a livello statale e in consolati a livello nazionale. I Catalani e i Baschi hanno speciali relazioni con la Francia attraverso i Pirenei; i Gallego con il Portogallo; gli abitanti delle Baleari con altre isole del Mediterraneo Occidentale; gli abitanti delle Canarie con l\u2019Africa. Tutto ci\u00f2 creerebbe una Spagna pi\u00f9 forte, che verrebbe a costituire un punto focale di integrazione.<\/p>\n<p>Inoltre, rispetto, uguaglianza e autonomia per le nazioni di decidere per se stesse, come nelle federazioni; far sentire le loro voci nelle loro proprie lingue.<\/p>\n<p>Costruire una rete di relazioni verso altre nazioni all\u2019interno e all\u2019esterno, in una comunit\u00e0 di nazioni, \u00e8 nello spirito dei nostri tempi.<\/p>\n<p>Imporre nazioni dominanti su altre in uno stato pretendendo l\u2019unit\u00e0, non lo \u00e8. N\u00e9 lo \u00e8 il potere ereditario. E neppure \u201cl\u2019indipendenza\u201d, in un mondo sempre pi\u00f9 connesso e globalizzato. Queste sono astrazioni dal passato.<\/p>\n<p>Le proposte sono anche predizioni. Prima o poi diventano realt\u00e0.<\/p>\n<p><a target=\"_blank\" href=\"http:\/\/serenoregis.org\/2016\/02\/25\/spagna-uno-stato-due-o-cinque-in-alternativa-johan-galtung\/\" >Go to Original \u2013 serenoregis.org<\/a><\/p>\n","protected":false},"excerpt":{"rendered":"<p>Costruire una rete di relazioni verso altre nazioni all\u2019interno e all\u2019esterno, in una comunit\u00e0 di nazioni, \u00e8 nello spirito dei nostri tempi. Imporre nazioni dominanti su altre in uno stato pretendendo l\u2019unit\u00e0, non lo \u00e8. N\u00e9 lo \u00e8 il potere ereditario.<\/p>\n","protected":false},"author":4,"featured_media":0,"comment_status":"open","ping_status":"closed","sticky":false,"template":"","format":"standard","meta":{"footnotes":""},"categories":[46],"tags":[],"class_list":["post-70511","post","type-post","status-publish","format-standard","hentry","category-original-languages"],"_links":{"self":[{"href":"https:\/\/www.transcend.org\/tms\/wp-json\/wp\/v2\/posts\/70511","targetHints":{"allow":["GET"]}}],"collection":[{"href":"https:\/\/www.transcend.org\/tms\/wp-json\/wp\/v2\/posts"}],"about":[{"href":"https:\/\/www.transcend.org\/tms\/wp-json\/wp\/v2\/types\/post"}],"author":[{"embeddable":true,"href":"https:\/\/www.transcend.org\/tms\/wp-json\/wp\/v2\/users\/4"}],"replies":[{"embeddable":true,"href":"https:\/\/www.transcend.org\/tms\/wp-json\/wp\/v2\/comments?post=70511"}],"version-history":[{"count":0,"href":"https:\/\/www.transcend.org\/tms\/wp-json\/wp\/v2\/posts\/70511\/revisions"}],"wp:attachment":[{"href":"https:\/\/www.transcend.org\/tms\/wp-json\/wp\/v2\/media?parent=70511"}],"wp:term":[{"taxonomy":"category","embeddable":true,"href":"https:\/\/www.transcend.org\/tms\/wp-json\/wp\/v2\/categories?post=70511"},{"taxonomy":"post_tag","embeddable":true,"href":"https:\/\/www.transcend.org\/tms\/wp-json\/wp\/v2\/tags?post=70511"}],"curies":[{"name":"wp","href":"https:\/\/api.w.org\/{rel}","templated":true}]}}