{"id":70979,"date":"2016-03-21T12:03:09","date_gmt":"2016-03-21T12:03:09","guid":{"rendered":"https:\/\/www.transcend.org\/tms\/?p=70979"},"modified":"2016-03-21T12:32:08","modified_gmt":"2016-03-21T12:32:08","slug":"portugues-o-brasil-esta-sendo-engolido-pela-corrupcao-e-por-uma-perigosa-subversao-da-democracia","status":"publish","type":"post","link":"https:\/\/www.transcend.org\/tms\/2016\/03\/portugues-o-brasil-esta-sendo-engolido-pela-corrupcao-e-por-uma-perigosa-subversao-da-democracia\/","title":{"rendered":"(Portugu\u00eas) O Brasil Est\u00e1 Sendo Engolido pela Corrup\u00e7\u00e3o \u2014 E por Uma Perigosa Subvers\u00e3o da Democracia"},"content":{"rendered":"<p><em>(For the English version,<a href=\"https:\/\/www.transcend.org\/tms\/2016\/03\/brazil-is-engulfed-by-ruling-class-corruption-and-a-dangerous-subversion-of-democracy\/\" > <u>click here<\/u>.<\/a>)<\/em><\/p>\n<p><em> <a href=\"https:\/\/www.transcend.org\/tms\/wp-content\/uploads\/2016\/03\/Dilma-Rousseff-article-header.jpg\"  rel=\"attachment wp-att-70980\"><img loading=\"lazy\" decoding=\"async\" class=\"aligncenter wp-image-70980\" src=\"https:\/\/www.transcend.org\/tms\/wp-content\/uploads\/2016\/03\/Dilma-Rousseff-article-header-1024x512.jpg\" alt=\"Dilma-Rousseff-article-header\" width=\"700\" height=\"350\" srcset=\"https:\/\/www.transcend.org\/tms\/wp-content\/uploads\/2016\/03\/Dilma-Rousseff-article-header-1024x512.jpg 1024w, https:\/\/www.transcend.org\/tms\/wp-content\/uploads\/2016\/03\/Dilma-Rousseff-article-header-300x150.jpg 300w, https:\/\/www.transcend.org\/tms\/wp-content\/uploads\/2016\/03\/Dilma-Rousseff-article-header-768x384.jpg 768w, https:\/\/www.transcend.org\/tms\/wp-content\/uploads\/2016\/03\/Dilma-Rousseff-article-header.jpg 1440w\" sizes=\"auto, (max-width: 700px) 100vw, 700px\" \/><\/a><\/em><\/p>\n<p><em>9 Mar 2016 &#8211; <\/em>As m\u00faltiplas e impressionantes crises que assombram o Brasil agora\u00a0atraem\u00a0<a target=\"_blank\" href=\"http:\/\/edition.cnn.com\/2016\/03\/13\/americas\/brazil-artist-protest\/\" >substancialmente a aten\u00e7\u00e3o da m\u00eddia internacional<\/a>. O que\u00a0\u00e9 compreens\u00edvel, j\u00e1\u00a0que o Brasil \u00e9 o quinto pa\u00eds mais populoso do mundo e a oitava economia do mundo. Sua segunda maior cidade, o Rio de Janeiro, \u00e9 a sede das Olimp\u00edadas deste ano. Por\u00e9m, boa parte dessa <a target=\"_blank\" href=\"http:\/\/learningenglish.voanews.com\/content\/brazlians-deman-presidents-ouster\/3238527.html\" >cobertura internacional<\/a> \u00e9 repetidora do discurso que vem das fontes midi\u00e1ticas homogeneizadas,\u00a0anti-democr\u00e1ticas e mantidas por oligarquias no Brasil e, como tal, essa informa\u00e7\u00e3o \u00e9 enviesada, pouco precisa e incompleta, especialmente quando vem daqueles profissionais com pouca familiaridade com o pa\u00eds (mas h\u00e1 <a target=\"_blank\" href=\"http:\/\/www.theglobeandmail.com\/news\/world\/brazil-braces-for-protests-as-ex-president-lula-joins-cabinet\/article29271440\/\" >v\u00e1rios rep\u00f3rteres internacionais<\/a> que trabalham no Brasil fazendo um <a target=\"_blank\" href=\"http:\/\/americasquarterly.org\/content\/brazils-crisis-four-things-watch\" >\u00f3timo trabalho<\/a>).<\/p>\n<p>Seria dif\u00edcil\u00a0exagerar quando se afirma a gravidade da situa\u00e7\u00e3o no Brasil em v\u00e1rias esferas. O trecho a seguir, <a target=\"_blank\" href=\"http:\/\/www.nytimes.com\/2016\/03\/17\/world\/americas\/brazil-ex-president-luiz-inacio-lula-da-silva.html?hpw&amp;rref=world&amp;action=click&amp;pgtype=Homepage&amp;module=well-region&amp;region=bottom-well&amp;WT.nav=bottom-well&amp;_r=0\" >publicado ontem<\/a> por Simon Romero, o correspondente do\u00a0<em>The New York Times<\/em>\u00a0no Brasil, evidencia o n\u00edvel de calamidade da situa\u00e7\u00e3o:<\/p>\n<p><em>O <\/em><em><a target=\"_blank\" href=\"http:\/\/topics.nytimes.com\/top\/news\/international\/countriesandterritories\/brazil\/index.html?inline=nyt-geo\" >Brasil<\/a><\/em><em> est\u00e1 enfrentando sua <\/em><em><a target=\"_blank\" href=\"http:\/\/www.nytimes.com\/2016\/03\/04\/world\/americas\/brazils-president-rousseff-facing-impeachment-effort-is-deluged-by-more-bad-news.html\" >pior crise econ\u00f4mica<\/a><\/em><em> das \u00faltimas d\u00e9cadas. Um enorme <\/em><em><a target=\"_blank\" href=\"http:\/\/www.nytimes.com\/2015\/08\/09\/business\/international\/effects-of-petrobras-scandal-leave-brazilians-lamenting-a-lost-dream.html\" >esquema de corrup\u00e7\u00e3o<\/a><\/em><em> tem prejudicado a empresa p\u00fablica petrol\u00edfera nacional. A <\/em><em><a target=\"_blank\" href=\"http:\/\/www.nytimes.com\/2016\/03\/09\/world\/americas\/after-living-brazils-dream-family-confronts-microcephaly-and-economic-crisis.html\" >epidemia de Zika<\/a><\/em><em> espalha <\/em><em><a target=\"_blank\" href=\"http:\/\/www.nytimes.com\/2016\/01\/30\/world\/americas\/tears-and-bewilderment-in-brazilian-city-facing-zika-crisis.html\" >desespero ao longo da regi\u00e3o Nordeste<\/a><\/em><em>. E, pouco antes de hordas de estrangeiros vierem ao pa\u00eds para as <\/em><em><a target=\"_blank\" href=\"http:\/\/www.nytimes.com\/2016\/01\/29\/world\/americas\/brazil-zika-rio-olympics.html\" >Olimp\u00edadas<\/a><\/em><em>, o governo luta pela sobreviv\u00eancia com quase todas as frentes do sistema pol\u00edtico sob uma nuvem de esc\u00e2ndalo.<\/em><\/p>\n<p>A extraordin\u00e1ria crise pol\u00edtica brasileira apresenta algumas semelhan\u00e7as com o caos liderado por Trump nos EUA: um circo <em>sui-generis<\/em>, fora de controle, gerando instabilidade e libertando for\u00e7as sombrias, com um resultado positivo quase imposs\u00edvel de se imaginar. A antes remota possibilidade de impeachment da presidenta Dilma Rousseff parece, agora, prov\u00e1vel.<\/p>\n<p>Por\u00e9m, uma diferen\u00e7a significante em rela\u00e7\u00e3o aos EUA \u00e9 que a agita\u00e7\u00e3o no Brasil n\u00e3o se limita a apenas um pol\u00edtico. O contr\u00e1rio \u00e9 verdade, conforme Romero comenta: \u201cquase todas as frentes do sistema pol\u00edtico est\u00e3o sob uma nuvem de esc\u00e2ndalo\u201d. O que inclui n\u00e3o apenas o PT, partido trabalhista de centro-esquerda da presidenta \u2013 atravessado por casos s\u00e9rios de corrup\u00e7\u00e3o \u2013 mas\u00a0tamb\u00e9m a grande maioria dos grupos pol\u00edticos e econ\u00f4micos de centro e de direita que agem para destruir o PT e que est\u00e3o afundando em uma quantidade ao menos igual de criminalidade. Em outras palavras, o PT \u00e9, sim, profundamente corrupto e banhado em esc\u00e2ndalos, mas, virtualmente, assim tamb\u00e9m s\u00e3o todos os grupos pol\u00edticos trabalhando para minar o partido e obter o poder que foi democraticamente entregue a ele.<\/p>\n<p>Quando a m\u00eddia internacional fala sobre o Brasil, ela tem focado nos crescentes protestos de rua que pedem o impeachment de Rousseff. Essas fontes midi\u00e1ticas tipicamente\u00a0mostram os protestos de forma idealizada, com uma certa adora\u00e7\u00e3o: como movimentos de massa inspiradores que se levantam contra um regime corrupto. Ontem, Chuck Todd, da NBC News, retuitou Ian Bremmer (do Eurasia Group) <a target=\"_blank\" href=\"https:\/\/twitter.com\/ianbremmer\/status\/710592261382402048\" >descrevendo<\/a> os protestos anti-Dilma Rousseff como \u201cO Povo contra A Presidente\u201d \u2013 um tema fabricado, condizente com o que \u00e9 noticiado por grupos m\u00eddi\u00e1ticos brasileiros anti-governo, como a Globo:<\/p>\n<p><a href=\"https:\/\/www.transcend.org\/tms\/wp-content\/uploads\/2016\/03\/protesto-brasil-corrup\u00e7\u00e3o.png\"  rel=\"attachment wp-att-70981\"><img loading=\"lazy\" decoding=\"async\" class=\"aligncenter size-full wp-image-70981\" src=\"https:\/\/www.transcend.org\/tms\/wp-content\/uploads\/2016\/03\/protesto-brasil-corrup\u00e7\u00e3o.png\" alt=\"protesto brasil corrup\u00e7\u00e3o\" width=\"540\" height=\"416\" srcset=\"https:\/\/www.transcend.org\/tms\/wp-content\/uploads\/2016\/03\/protesto-brasil-corrup\u00e7\u00e3o.png 540w, https:\/\/www.transcend.org\/tms\/wp-content\/uploads\/2016\/03\/protesto-brasil-corrup\u00e7\u00e3o-300x231.png 300w\" sizes=\"auto, (max-width: 540px) 100vw, 540px\" \/><\/a><\/p>\n<p>Essa narrativa \u00e9, no m\u00ednimo, uma simplifica\u00e7\u00e3o radical do que est\u00e1 acontecendo e, mais provavelmente, uma propaganda feita para minar um partido de esquerda h\u00e1<a target=\"_blank\" href=\"http:\/\/voices.washingtonpost.com\/postpartisan\/2010\/05\/has_brazils_lula_become_irans.html\" > muito mal visto<\/a> pelas <a target=\"_blank\" href=\"http:\/\/www.washingtonpost.com\/wp-dyn\/content\/article\/2010\/05\/14\/AR2010051405305.html\" >elites pol\u00edticas<\/a> dos EUA. A caracteriza\u00e7\u00e3o dos protestos ignora o contexto hist\u00f3rico da pol\u00edtica no Brasil e, mais importante, uma s\u00e9rie de quest\u00f5es cr\u00edticas: quem est\u00e1 por tr\u00e1s dos protestos, qu\u00e3o representativos eles s\u00e3o em rela\u00e7\u00e3o \u00e0 popula\u00e7\u00e3o brasileira e quais s\u00e3o seus verdadeiros interesses?<\/p>\n<p>A atual vers\u00e3o da democracia no Brasil \u00e9 bastante jovem. Em 1964, o governo de esquerda democraticamente eleito foi derrubado por um golpe militar. Oficiais norteamericanos negaram envolvimento tanto publicamente quanto perante o Congresso, mas \u2013 nem precisaria ser dito \u2013 <a target=\"_blank\" href=\"http:\/\/nsarchive.gwu.edu\/NSAEBB\/NSAEBB118\/index.htm#docs\" >documentos e registros<\/a> posteriormente <a target=\"_blank\" href=\"http:\/\/global.oup.com\/us\/companion.websites\/9780195375701\/pdf\/SPD12_US_Support_Brazil_Coup.pdf\" >revelados<\/a>\u00a0provaram que os EUA apoiaram diretamente o golpe e ajudaram em seu planejamento.<\/p>\n<p>Os 21 anos de ditadura militar de direita pr\u00f3-EUA que se seguiram foram brutais e tir\u00e2nicos, especializando-se em t\u00e9cnicas de tortura usadas contra dissidentes pol\u00edticos que eram ensinadas pelos EUA e pelo Reino Unido. Um relat\u00f3rio da Comiss\u00e3o da Verdade, publicado em 2014, <a target=\"_blank\" href=\"http:\/\/www.theguardian.com\/world\/2014\/dec\/10\/brazil-president-weeps-report-military-dictatorship-abuses\" >revelou<\/a> que ambos os pa\u00edses \u201ctreinaram interrogadores brasileiros em t\u00e9cnicas de tortura\u201d. Dentre as v\u00edtimas, estava Rousseff, ent\u00e3o guerrilheira da esquerda democrata, presa e torturada pelo regime militar nos anos 70.<\/p>\n<p>O golpe em si e a ditadura que se seguiu foram apoiados pelas oligarquias regionais e por <a target=\"_blank\" href=\"http:\/\/blogdomariomagalhaes.blogosfera.uol.com.br\/2014\/03\/31\/19-capas-de-jornais-e-revistas-em-1964-a-imprensa-disse-sim-ao-golpe\/\" >suas grandes redes midi\u00e1ticas<\/a>, lideradas pela Globo, a qual \u2013 de forma not\u00e1vel \u2013 apresentou o golpe de 1964 como uma nobre derrota de um governo esquerdista corrupto (soa familiar?). Tanto o golpe quanto o regime ditatorial foram apoiados tamb\u00e9m pela extravagante (e absurdamente branca) elite econ\u00f4mica do pa\u00eds, al\u00e9m de sua pequena classe m\u00e9dia. Como opositores da democracia geralmente fazem, as classes altas viam a ditadura como uma prote\u00e7\u00e3o contra as massas de popula\u00e7\u00e3o pobre, composta majoritariamente por pessoas negras e pardas. Conforme o jornal <em>The Guardian <\/em><a target=\"_blank\" href=\"http:\/\/www.theguardian.com\/world\/2014\/dec\/10\/brazil-president-weeps-report-military-dictatorship-abuses\" >publicou<\/a> sobre informa\u00e7\u00f5es da Comiss\u00e3o da Verdade: \u201cAssim como em toda a Am\u00e9rica Latina dos anos 60 e 70, a elite e a classe m\u00e9dia se alinharam com o regime militar para afastar o que elas viam como uma amea\u00e7a comunista\u201d.<\/p>\n<p><a href=\"https:\/\/www.transcend.org\/tms\/wp-content\/uploads\/2016\/03\/rede-globo-brasil-corrup\u00e7ao.png\"  rel=\"attachment wp-att-70982\"><img loading=\"lazy\" decoding=\"async\" class=\"aligncenter size-full wp-image-70982\" src=\"https:\/\/www.transcend.org\/tms\/wp-content\/uploads\/2016\/03\/rede-globo-brasil-corrup\u00e7ao.png\" alt=\"rede globo brasil corrup\u00e7ao\" width=\"540\" height=\"624\" srcset=\"https:\/\/www.transcend.org\/tms\/wp-content\/uploads\/2016\/03\/rede-globo-brasil-corrup\u00e7ao.png 540w, https:\/\/www.transcend.org\/tms\/wp-content\/uploads\/2016\/03\/rede-globo-brasil-corrup\u00e7ao-260x300.png 260w\" sizes=\"auto, (max-width: 540px) 100vw, 540px\" \/><\/a><br \/>\nEssas <a target=\"_blank\" href=\"http:\/\/www.theglobeandmail.com\/news\/world\/brazils-colour-bind\/article25779474\/\" >divis\u00f5es severas de classe e ra\u00e7a<\/a> no Brasil continuam como din\u00e2mica dominante. <a target=\"_blank\" href=\"http:\/\/www.bbc.com\/news\/business-27440864\" >Segundo a BBC<\/a>, em 2014, baseada em <a target=\"_blank\" href=\"http:\/\/data.worldbank.org\/indicator\/SI.POV.GINI\/countries\/1W?display=map\" >v\u00e1rios estudos<\/a>: \u201co Brasil apresenta um dos maiores n\u00edveis de desigualdade de renda do mundo\u201d. O editor-chefe do Americas Quarterly, Brian Winter, em reportagem sobre os protestos, <a target=\"_blank\" href=\"http:\/\/americasquarterly.org\/content\/brazils-crisis-four-things-watch\" >escreveu nessa semana<\/a>: \u201cO abismo entre ricos e pobres continua sendo o fato central da vida no Brasil \u2013 e nesses protestos, isso n\u00e3o \u00e9 diferente\u201d. Se voc\u00ea quiser entender qualquer coisa sobre a atual crise pol\u00edtica no Brasil, \u00e9 crucial entender tamb\u00e9m o que Winter quer dizer com essa afirma\u00e7\u00e3o.<\/p>\n<p>O partido de Dilma<u>,<\/u> PT, foi fundado em 1980 como um partido socialista de esquerda cl\u00e1ssica. A fim de melhorar seu apelo nacional, o partido moderou seus dogmas socialistas e se tornou, gradualmente, mais pr\u00f3ximo dos chamados social-democratas da Europa. Agora, <a target=\"_blank\" href=\"http:\/\/www.internationalviewpoint.org\/spip.php?article3605\" >existem partidos populares \u00e0 sua esquerda<\/a>. De\u00a0fato, Dilma, por vontade pr\u00f3pria ou n\u00e3o, <a target=\"_blank\" href=\"http:\/\/www.nytimes.com\/2015\/10\/03\/world\/americas\/brazils-president-takes-steps-on-austerity.html\" >defendeu medidas de austeridade<\/a> para resolver problemas econ\u00f4micos e <a target=\"_blank\" href=\"http:\/\/foreignpolicy.com\/2015\/06\/01\/brazils-economy-dilma-rousseff-makes-amends-with-the-markets\/\" >passar confian\u00e7a aos mercados estrangeiros<\/a>, e justamente nessa semana assinou <a target=\"_blank\" href=\"http:\/\/www.greenpeace.org\/international\/en\/news\/Blogs\/makingwaves\/president-dilma-anti-terrorism-law-threatens-brazil-democracy\/blog\/55874\/\" >uma draconiana lei \u201canti-terrorismo\u201d<\/a>. Ainda assim, o PT se mant\u00e9m na centro-esquerda do espectro pol\u00edtico brasileiro, e seus apoiadores s\u00e3o, surpreendentemente, as minorias raciais e classes pobres. Enquanto no poder, o partido <a target=\"_blank\" href=\"https:\/\/www.washingtonpost.com\/world\/americas\/fast-growing-brazil-tries-to-lift-its-poorest\/2011\/05\/10\/AFqgEEpG_story.html\" >promoveu reformas sociais e econ\u00f4micas<\/a> que levaram benef\u00edcios governamentais e oportunidades para tirar milh\u00f5es de brasileiros da pobreza.<\/p>\n<p>O Partido dos Trabalhadores est\u00e1 na presid\u00eancia h\u00e1 14 anos: desde 2002. Sua popularidade foi um subproduto do antecessor carism\u00e1tico de Dilma, Luis In\u00e1cio Lula da Silva (universalmente conhecido\u00a0como \u201cLula\u201d). A ascens\u00e3o de Lula \u00e0 presid\u00eancia foi um s\u00edmbolo poderoso da luta da classe pobre no Brasil durante a democracia: um trabalhador e l\u00edder sindical, de uma fam\u00edlia pobre, que deixou a escola na segunda s\u00e9rie e n\u00e3o sabia ler at\u00e9 os 10 anos, preso pela ditadura por atividade na luta sindical. O ex-presidente foi, e ainda \u00e9, motivo de riso para elites brasileiras por meio de um tom classista no discurso sobre seu jarg\u00e3o trabalhista e sua forma de falar.<\/p>\n<p>Depois de tr\u00eas tentativas infrut\u00edferas de chegar \u00e0 presid\u00eancia, Lula provou ser uma for\u00e7a pol\u00edtica imbat\u00edvel. Eleito em 2002 e reeleito em 2006, ele deixou o cargo com <a target=\"_blank\" href=\"http:\/\/www.bloomberg.com\/news\/articles\/2010-12-19\/brazil-s-lula-leaves-office-with-83-approval-rating-folha-says\" >taxas de aprova\u00e7\u00e3o t\u00e3o altas<\/a> que foi capaz de garantir a elei\u00e7\u00e3o de Dilma, sua sucessora, antes desconhecida pela popula\u00e7\u00e3o, e que foi reeleita em 2014. H\u00e1 muito tempo se cogita que Lula \u2013 um pol\u00edtico que <a target=\"_blank\" href=\"http:\/\/www.ft.com\/intl\/cms\/s\/0\/5f699b26-7983-11e5-a95a-27d368e1ddf7.html\" >se op\u00f5e publicamente<\/a> a medidas de austeridade \u2013 pretende concorrer novamente para a presid\u00eancia em 2018, depois de completo o segundo mandato de Dilma. For\u00e7as anti-PT se sentem petrificadas com a ideia de que Lula ven\u00e7a novamente.<\/p>\n<p>Embora a classe olig\u00e1rquica da na\u00e7\u00e3o tenha usado o PSDB, partido de centro-direita, de forma bem sucedida como um contrapeso, o partido foi impotente para derrotar o PT em quatro elei\u00e7\u00f5es presidenciais consecutivas. O voto \u00e9 obrigat\u00f3rio, e os cidad\u00e3os de baixa renda garantiram as vit\u00f3rias do PT.<\/p>\n<p>A corrup\u00e7\u00e3o entre a classe pol\u00edtica Brasileira \u2013 incluindo o alto escal\u00e3o do PT \u2013 \u00e9 real e substancial. Mas os plutocratas brasileiros, a m\u00eddia, e as classes altas e m\u00e9dias est\u00e3o explorando essa corrup\u00e7\u00e3o para atingir o que eles n\u00e3o conseguiram por anos de forma democr\u00e1tica: remover o PT do poder.<\/p>\n<p>Ao contr\u00e1rio da descri\u00e7\u00e3o romantizada e mal informada\u00a0(para dizer o m\u00ednimo) de Chuck Todd e Ian Bremmer de protestos sendo levantados \u201cpelo Povo\u201d, estes s\u00e3o, na verdade, incitados pela m\u00eddia corporativa intensamente concentrada, homogeneizada e poderosa, e compostos por (n\u00e3o exclusivamente, mas majoritariamente) pela parte mais rica e branca dos cidad\u00e3os, que por muito tempo guardaram rancor contra o PT e contra qualquer programa social que combate\u00a0a pobreza.<\/p>\n<p>A m\u00eddia corporativa brasileira age como os verdadeiros organizadores dos protestos e como rela\u00e7\u00f5es-p\u00fablicas dos partidos de oposi\u00e7\u00e3o. Os perfis no Twitter de alguns dos <a target=\"_blank\" href=\"https:\/\/twitter.com\/JorgePontual\" >rep\u00f3rteres mais influentes<\/a> (e ricos) da Rede Globo cont\u00e9m incessantes agita\u00e7\u00f5es anti-PT. Quando uma grava\u00e7\u00e3o de escuta telef\u00f4nica de uma conversa entre Dilma e Lula vazou essa semana, o programa jornal\u00edstico mais influente da Globo, o Jornal Nacional, fez <a target=\"_blank\" href=\"http:\/\/g1.globo.com\/jornal-nacional\/noticia\/2016\/03\/justica-torna-publico-um-dialogo-entre-lula-e-presidente-dilma.html\" >seus \u00e2ncoras relerem teatralmente o di\u00e1logo<\/a>, de forma t\u00e3o melodram\u00e1tica e em tom de fofoca, que se parecia literalmente com uma novela, muito distante de um jornal, e\u00a0<a target=\"_blank\" href=\"https:\/\/www.facebook.com\/joao.barbalho\/posts\/10153642864913285\" >foram ridicularizados nas redes por isso<\/a>. Durante meses, as quatro principais revistas jornal\u00edsticas do Brasil dedicaram capa ap\u00f3s acapa a ataques inflamados contra Dilma e Lula, geralmente mostrando fotos dram\u00e1ticas de um ou de outro, sempre com uma narrativa impactantemente unificada.<\/p>\n<p>Para se ter uma no\u00e7\u00e3o do qu\u00e3o central \u00e9 o papel da grande m\u00eddia na incita\u00e7\u00e3o dos protestos: considere <a target=\"_blank\" href=\"http:\/\/mediamatters.org\/research\/2009\/04\/08\/report-fair-and-balanced-fox-news-aggressively\/149009\" >o papel da Fox News<\/a> na promo\u00e7\u00e3o dos <a target=\"_blank\" href=\"http:\/\/blogs.reuters.com\/great-debate\/2011\/12\/21\/the-fox-in-the-tea-party\/\" >protestos do Tea Party<\/a>. Agora, imagine o que esses protestos seriam se n\u00e3o fosse apenas a Fox, mas tamb\u00e9m a ABC, NBC, CBS, a revista Time, o New York Times e o Huffington Post, todos apoiando o movimento do Tea Party. <em>Isso<\/em> \u00e9 o que est\u00e1 acontecendo no Brasil: as maiores redes s\u00e3o controladas por um pequeno n\u00famero de fam\u00edlias, virtualmente todas veementemente opostas ao PT e cujos ve\u00edculos de comunica\u00e7\u00e3o se uniram para alimentar esses protestos.<\/p>\n<p>Resumindo, os interesses mercadol\u00f3gicos representados por esses ve\u00edculos midi\u00e1ticos s\u00e3o quase que totalmente pr\u00f3-impeachment e est\u00e3o ligados \u00e0 hist\u00f3ria da ditadura militar. <a target=\"_blank\" href=\"http:\/\/www.theglobeandmail.com\/news\/world\/brazil-braces-for-protests-as-ex-president-lula-joins-cabinet\/article29271440\/\" >Segundo afirma <\/a>Stephanie Nolen, correspondente no Rio para o canadense Globe and Mail: \u201cEst\u00e1 claro que a maior parte das institui\u00e7\u00f5es do pa\u00eds est\u00e3o alinhadas contra a presidente\u201d.<\/p>\n<p>De forma simples, essa \u00e9 uma campanha para subverter as conquistas democr\u00e1ticas brasileiras por grupos que por muito tempo odiaram os resultados de elei\u00e7\u00f5es democr\u00e1ticas, marchando de forma enganadora sob uma bandeira anti-corrup\u00e7\u00e3o: bastante similar ao golpe de 1964. De fato, muitos na direita do Brasil anseiam por uma restaura\u00e7\u00e3o da ditadura, e grupos nesses protestos \u201canti-corrup\u00e7\u00e3o\u201d <a target=\"_blank\" href=\"http:\/\/news.yahoo.com\/brazil-far-protesters-call-military-coup-223759351.html\" >pediram abertamente pelo fim da democracia<\/a>.<\/p>\n<p>Nada aqui \u00e9 uma defesa do PT. Tanto por causa da corrup\u00e7\u00e3o generalizada quanto pelas dificuldades econ\u00f4micas, Dilma e PT est\u00e3o <a target=\"_blank\" href=\"http:\/\/www.reuters.com\/article\/us-brazil-rousseff-poll-idUSKCN0SL1OS20151027\" >intensamente impopulares<\/a>\u00a0entre todas as classes e grupos, inclusive entre\u00a0a base trabalhadora do partido. Mas os protestos de rua \u2013 inegavelmente grandes e inflamados \u2013 s\u00e3o direcionados por aqueles que tradicionalmente apresentam hostilidade contra o PT. O n\u00famero de pessoas participando desses protestos \u2013 enquanto milh\u00f5es \u2013 \u00e9 muito pequeno em rela\u00e7\u00e3o aos votos que reelegeram Dilma (54 milh\u00f5es). Em uma democracia, governos s\u00e3o eleitos pelo voto, n\u00e3o por demonstra\u00e7\u00f5es de oposi\u00e7\u00e3o na rua \u2013 particularmente quando os manifestantes vem de um segmento social relativamente limitado.<\/p>\n<p>Como\u00a0Winter informou: \u201cNo ultimo domingo, quando mais de um milh\u00e3o de pessoas foram \u00e0s ruas, <a target=\"_blank\" href=\"http:\/\/www1.folha.uol.com.br\/poder\/2016\/03\/1749640-protesto-cresce-mas-manifestante-mantem-perfil-de-alta-renda.shtml\" >pesquisas de opini\u00e3o indicaram<\/a>\u00a0que mais uma vez a multid\u00e3o era significantemente mais rica, mais branca e com maior educa\u00e7\u00e3o formal do que a m\u00e9dia dos brasileiros\u201d. Nolen afirmou algo similar: \u201cA meia-d\u00fazia de grandes demonstra\u00e7\u00f5es de movimentos anti-corrup\u00e7\u00e3o no passado foram dominadas por manifestantes brancos e de classes altas, que tendem a apoiar a oposi\u00e7\u00e3o representada pelo PSDB e a ter pouca aprecia\u00e7\u00e3o pelo partido trabalhista de Rousseff\u201d.<\/p>\n<p>No \u00faltimo final de semana, quando uma grande massa de protestos anti-Dilma tomou diversas cidades brasileiras, uma fotografia de uma fam\u00edlia se tornou viral, um s\u00edmbolo do que esses protestos realmente s\u00e3o. Mostrava um casal branco e rico vestidos com adere\u00e7os anti-Dilma que caminhava com seu cachorro de ra\u00e7a, acompanhados pela bab\u00e1 negra \u2013 vestindo o uniforme branco que muitas fam\u00edlias brasileiras ricas exigem que suas empregadas dom\u00e9sticas usem \u2013 empurrando um carrinho de beb\u00ea com os dois filhos do casal.<\/p>\n<p>Como Nolen <a target=\"_blank\" href=\"http:\/\/www.theglobeandmail.com\/news\/world\/the-photograph-thats-become-the-emblem-of-brazils-political-turmoil\/article29230399\/\" >apontou<\/a>, essa foto se tornou uma verdadeira s\u00edntese, da ess\u00eancia altamente ideol\u00f3gica desses protestos: \u201cBrasileiros, que s\u00e3o h\u00e1beis e r\u00e1pidos com memes, repostaram a foto com centenas de legendas sarc\u00e1sticas, como \u2018Apressa o passo a\u00ed, Maria, n\u00f3s temos que ir ao protesto contra o governo que nos fez pagar um sal\u00e1rio m\u00ednimo para voc\u00ea\u2019\u201d.<\/p>\n<p>Acreditar que as figuras\u00a0pol\u00edticas agindo para o impeachment de Dilma est\u00e3o sendo motivadas por uma aut\u00eantica cruzada anti-corrup\u00e7\u00e3o requer extrema ingenuidade ou ignor\u00e2ncia. Para come\u00e7ar, as partes que seriam favorecidas pelo impeachment da Dilma est\u00e3o <em>pelo menos t\u00e3o envolvidas quanto ela<\/em> por esc\u00e2ndalos de corrup\u00e7\u00e3o. Na maioria dos casos, at\u00e9 mais.<\/p>\n<p>Cinco dos membros da comiss\u00e3o de impeachment<a target=\"_blank\" href=\"http:\/\/blogs.oglobo.globo.com\/blog-do-moreno\/post\/comissao-do-impeachment-tem-cinco-investigados.html?utm_source=Twitter&amp;utm_medium=Social&amp;utm_campaign=compartilhar\" > est\u00e3o sendo tamb\u00e9m investigados<\/a> por estarem envolvidos no esc\u00e2ndalo pol\u00edtico. Isso inclui Paulo Maluf, que <a target=\"_blank\" href=\"http:\/\/www.brasilpost.com.br\/2016\/03\/02\/maluf-condenado-paris_n_9368436.html\" >enfrenta um mandato de pris\u00e3o da Interpol<\/a> e n\u00e3o pode sair do pa\u00eds h\u00e1 anos; ele foi sentenciado na Fran\u00e7a tr\u00eas anos atr\u00e1s por lavagem de dinheiro. Dos 65 membros do comit\u00ea de impeachment do congresso, 36 <a target=\"_blank\" href=\"http:\/\/revistapiaui.estadao.com.br\/lupa\/2016\/03\/17\/comissao-do-impeachment-tem-36-parlamentares-com-pendencias-judiciais\/\" >atualmente enfrentam<\/a> processos judiciais.<\/p>\n<p>No congresso, o l\u00edder do movimento pelo impeachment, o extremista evang\u00e9lico Eduardo Cunha, <a target=\"_blank\" href=\"http:\/\/www.theguardian.com\/world\/2016\/feb\/03\/brazil-eduardo-cunha-perjury-investigation-swiss-bank-account\" >foi apontado como dono de m\u00faltiplas contas secretas<\/a> em bancos na Su\u00ed\u00e7a, onde ele guardava milh\u00f5es de d\u00f3lares que os promotores acreditam ser dinheiro recebido como suborno. Ele tamb\u00e9m \u00e9 alvo de m\u00faltiplas investiga\u00e7\u00f5es criminais em andamento.<\/p>\n<p>Enquanto isso, o senador A\u00e9cio Neves, o l\u00edder da oposi\u00e7\u00e3o brasileira que foi derrotado por muito pouco na elei\u00e7\u00e3o contra Dilma em 2014, teve <a target=\"_blank\" href=\"http:\/\/www.correiodobrasil.com.br\/alvo-de-nova-denuncia-de-corrupcao-aecio-neves-e-motivo-de-piadas-na-internet\/\" >pelo menos 5 den\u00fancias diferentes<\/a> de envolvimento com esc\u00e2ndalos de corrup\u00e7\u00e3o. Uma das mais recentes testemunhas favoritas dos promotores <a target=\"_blank\" href=\"http:\/\/www1.folha.uol.com.br\/poder\/2016\/03\/1750221-apos-delacao-de-delcidio-aecio-deve-ser-investigado-na-lava-jato.shtml\" >acusou-o<\/a> de aceitar suborno. Essa testemunha <a target=\"_blank\" href=\"http:\/\/noticias.uol.com.br\/politica\/listas\/delcidio-cita-presidentes-da-petrobras-ex-ministros-senadores-e-deputados.htm\" >tamb\u00e9m implicou<\/a> que o vice-presidente do pa\u00eds, Michel Temer (PMDB), iria substituir Dilma caso ela fosse cassada.<\/p>\n<p>E ainda tem o recente comportamento do juiz que est\u00e1 liderando\u00a0a investiga\u00e7\u00e3o de corrup\u00e7\u00e3o e tornou-se um <a target=\"_blank\" href=\"http:\/\/www.wsj.com\/articles\/brazil-protesters-find-hero-in-crusading-judge-sergio-moro-1458254059\" >her\u00f3i popular<\/a> por sua atua\u00e7\u00e3o agressiva durante as investiga\u00e7\u00f5es de algumas das maiores e mais poderosas figuras pol\u00edticas do pa\u00eds. O juiz, S\u00e9rgio Moro, essa semana efetivamente divulgou para a m\u00eddia uma conversa gravada, extremamente vaga, entre Dilma e Lula, o que a Globo e outras for\u00e7as anti-PT imediatamente retrataram como criminosas. Moro divulgou a grava\u00e7\u00e3o da conversa <em>apenas algumas horas depois<\/em> de ter sido feita.<\/p>\n<p>Mas a conversa gravada foi liberada pelo ju\u00edz Moro sem nenhum processo e, pior, com claras inten\u00e7\u00f5es pol\u00edticas, n\u00e3o judiciais: ele estava furioso, uma vez que sua investiga\u00e7\u00e3o sobre Lula seria finalizada pela nomea\u00e7\u00e3o dele ao gabinete de ministro feita por Dilma (ministros s\u00f3 podem ser investigados pelo Supremo Tribunal). O vazamento planejava humilhar Dilma e Lula e dar vaz\u00e3o para protestos nas ruas, e, no entanto, acabou <a target=\"_blank\" href=\"http:\/\/www1.folha.uol.com.br\/opiniao\/2016\/03\/1751311-protagonismo-perigoso.shtml?cmpid=compfb\" >recebendo cr\u00edticas<\/a>, inclusive de\u00a0<a target=\"_blank\" href=\"https:\/\/twitter.com\/ggreenwald\/status\/710501404914401280\" >seus pr\u00f3prios f\u00e3s<\/a>, de que estava <a target=\"_blank\" href=\"http:\/\/www.bloomberg.com\/news\/articles\/2016-03-18\/tapes-that-could-topple-rousseff-draw-fire-on-brazilian-judge\" >abusando de seu poder<\/a>\u00a0e tornando-se uma figura pol\u00edtica. Pior, a grava\u00e7\u00e3o em si parece ter sido <a target=\"_blank\" href=\"http:\/\/www.correiobraziliense.com.br\/app\/noticia\/politica\/2016\/03\/17\/internas_polbraeco,522660\/moro-admite-que-grampo-ocorreu-depois-de-determinar-suspensao-de-grava.shtml\" >ilegalmente obtida<\/a> porque foi feita <a target=\"_blank\" href=\"http:\/\/www.pf.gov.br\/agencia\/noticias\/2016\/03\/nota-a-imprensa-1\" >depois que o mandado que autorizada as escutas, expedido por Moro, expirou<\/a>. O presidente da Ordem dos Advogados do Rio de Janeiro (OAB\/RJ), Felipe Santa Cruz, <a target=\"_blank\" href=\"https:\/\/www.facebook.com\/felipe.santacruz.58\/posts\/1067051863354860\" >chamou<\/a> a a\u00e7\u00e3o de Moro de \u201cum nauseante constrangimento\u201d.<\/p>\n<p>Tudo isso deixa claro o alerta e o perigo\u00a0de que a investiga\u00e7\u00e3o criminal e o processo de impeachment podem n\u00e3o ser exerc\u00edcios legais para punir l\u00edderes criminosos, mas mais uma arma anti-democr\u00e1tica usada por advers\u00e1rios pol\u00edticos para remover uma presidenta democraticamente eleita. Esse perigo ficou nitidamente em destaque ontem, quando foi <a target=\"_blank\" href=\"https:\/\/twitter.com\/ggreenwald\/status\/710548893759643648\" >revelado<\/a> que um juiz que emitiu uma ordem de bloqueio a nomea\u00e7\u00e3o de Lula ao gabinete feita pela Dilma tinha postado mais cedo <a target=\"_blank\" href=\"https:\/\/twitter.com\/alexcuadros\/status\/710491550036455429\" >no seu Facebook<\/a> in\u00fameras selfies dele marchando num protesto contra o governo no final de semana. Como Winter escreveu, \u201cConvencer o p\u00fablico de que o judici\u00e1rio brasileiro est\u00e1 \u2018em guerra\u2019 com o Partido dos Trabalhadores \u00e9 uma tarefa mais f\u00e1cil agora do que duas semanas atr\u00e1s\u201d.<\/p>\n<p>N\u00e3o h\u00e1 d\u00favida de que o PT \u00e9 repleto de corrup\u00e7\u00e3o. Existem s\u00e9rios ind\u00edcios envolvendo o Lula que merecem ser investigados de maneira imparcial e justa. E o impeachment \u00e9 um processo leg\u00edtimo em uma democracia quando provado que o suspeito \u00e9 culpado de v\u00e1rios crimes e a lei deve ser seguida claramente quando o impeachment \u00e9 efetuado.<\/p>\n<p>Mas o retrato emergindo no Brasil em volta do impeachment e os protestos nas ruas s\u00e3o bem mais complicadas, e muito mais amb\u00edguas, do que vem sendo dito. O esfor\u00e7o para remover Dilma e seu partido do poder lembram mais uma clara luta anti-democr\u00e1tica por poder do que um movimento genu\u00edno contra a corrup\u00e7\u00e3o. E pior, foi armado, projetado e alimentado por v\u00e1rias for\u00e7as que est\u00e3o enfiadas at\u00e9 o pesco\u00e7o em esc\u00e2ndalos pol\u00edticos, e que representam os interesses dos mais ricos e mais poderosos segmentos sociais e sua frustra\u00e7\u00e3o pela falta de habilidade em derrotar o PT democraticamente.<\/p>\n<p>Em outras palavras, tudo isso parece historicamente familiar, particularmente para a Am\u00e9rica Latina, onde governos de esquerda democraticamente eleitos tem sido repetidamente removidos do poder por meios n\u00e3o legais ou democr\u00e1ticos. De muitas maneiras, o PT e Dilma n\u00e3o s\u00e3o v\u00edtimas que despertam simpatia. Grandes segmentos da popula\u00e7\u00e3o est\u00e3o genuinamente irritados com ambos por v\u00e1rias raz\u00f5es leg\u00edtimas. Mas os pecados deles n\u00e3o justificam os pecados dos seus antigos inimigos pol\u00edticos, e certamente n\u00e3o tornam a subvers\u00e3o da democracia brasileira algo a ser celebrado.<\/p>\n<p>____________________________________<\/p>\n<p><em><a target=\"_blank\" href=\"https:\/\/theintercept.com\/staff\/glenn-greenwald\/\" >Glenn Greenwald<\/a> &#8211;<a href=\"mailto:glenn.greenwald@theintercept.com\">\u2709glenn.greenwald@\u200btheintercept.com<\/a><\/em><\/p>\n<p><em><a target=\"_blank\" href=\"https:\/\/theintercept.com\/staff\/andrew-fishman\/\" >Andrew Fishman<\/a> &#8211; <a href=\"mailto:fishman@theintercept.com\">\u2709fishman@\u200btheintercept.com<\/a><\/em><\/p>\n<p><em><a target=\"_blank\" href=\"https:\/\/theintercept.com\/staff\/david-miranda\/\" >David Miranda<\/a> &#8211;<a href=\"mailto:amd4411@hotmail.com\">\u2709amd4411@\u200bhotmail.com<\/a><\/em><\/p>\n<p><em>Colaborou: Cec\u00edlia Olliveira<\/em><\/p>\n<p><a target=\"_blank\" href=\"https:\/\/theintercept.com\/2016\/03\/18\/o-brasil-esta-sendo-engolido-pela-corrupcao-da-classe-dominante-e-por-uma-perigosa-subversao-da-democracia\/\" >Go to Original \u2013 theintercept.com<\/a><\/p>\n","protected":false},"excerpt":{"rendered":"<p>Tudo isso parece historicamente familiar, particularmente para a Am\u00e9rica Latina, onde governos de esquerda democraticamente eleitos tem sido repetidamente removidos do poder por meios n\u00e3o legais ou democr\u00e1ticos. A m\u00eddia internacional est\u00e1 apresentando os protestos de rua como uma revolta nobre e populista. Os fatos s\u00e3o muito mais complicados.<\/p>\n","protected":false},"author":4,"featured_media":0,"comment_status":"open","ping_status":"closed","sticky":false,"template":"","format":"standard","meta":{"footnotes":""},"categories":[46],"tags":[],"class_list":["post-70979","post","type-post","status-publish","format-standard","hentry","category-original-languages"],"_links":{"self":[{"href":"https:\/\/www.transcend.org\/tms\/wp-json\/wp\/v2\/posts\/70979","targetHints":{"allow":["GET"]}}],"collection":[{"href":"https:\/\/www.transcend.org\/tms\/wp-json\/wp\/v2\/posts"}],"about":[{"href":"https:\/\/www.transcend.org\/tms\/wp-json\/wp\/v2\/types\/post"}],"author":[{"embeddable":true,"href":"https:\/\/www.transcend.org\/tms\/wp-json\/wp\/v2\/users\/4"}],"replies":[{"embeddable":true,"href":"https:\/\/www.transcend.org\/tms\/wp-json\/wp\/v2\/comments?post=70979"}],"version-history":[{"count":0,"href":"https:\/\/www.transcend.org\/tms\/wp-json\/wp\/v2\/posts\/70979\/revisions"}],"wp:attachment":[{"href":"https:\/\/www.transcend.org\/tms\/wp-json\/wp\/v2\/media?parent=70979"}],"wp:term":[{"taxonomy":"category","embeddable":true,"href":"https:\/\/www.transcend.org\/tms\/wp-json\/wp\/v2\/categories?post=70979"},{"taxonomy":"post_tag","embeddable":true,"href":"https:\/\/www.transcend.org\/tms\/wp-json\/wp\/v2\/tags?post=70979"}],"curies":[{"name":"wp","href":"https:\/\/api.w.org\/{rel}","templated":true}]}}