{"id":72964,"date":"2016-05-02T12:14:34","date_gmt":"2016-05-02T11:14:34","guid":{"rendered":"https:\/\/www.transcend.org\/tms\/?p=72964"},"modified":"2016-05-02T12:46:18","modified_gmt":"2016-05-02T11:46:18","slug":"portugues-mauricio-lima-fotografo-do-nyt-e-ganhador-do-pulitzer-2016-denuncia-a-globo-e-o-golpe-no-brasil","status":"publish","type":"post","link":"https:\/\/www.transcend.org\/tms\/2016\/05\/portugues-mauricio-lima-fotografo-do-nyt-e-ganhador-do-pulitzer-2016-denuncia-a-globo-e-o-golpe-no-brasil\/","title":{"rendered":"(Portugu\u00eas) Mauricio Lima, Fot\u00f3grafo do NYT e Ganhador do Pulitzer 2016, Denuncia a Globo e o \u201cGolpe\u201d no Brasil"},"content":{"rendered":"<p><a href=\"https:\/\/www.transcend.org\/tms\/wp-content\/uploads\/2016\/05\/rede-golpe-televisao-article-header-brasil-globo-nyt-pullitzer.jpg\" ><img loading=\"lazy\" decoding=\"async\" class=\"aligncenter wp-image-72947\" src=\"https:\/\/www.transcend.org\/tms\/wp-content\/uploads\/2016\/05\/rede-golpe-televisao-article-header-brasil-globo-nyt-pullitzer-1024x512.jpg\" alt=\"rede-golpe-televisao-article-header brasil globo nyt pullitzer\" width=\"700\" height=\"350\" srcset=\"https:\/\/www.transcend.org\/tms\/wp-content\/uploads\/2016\/05\/rede-golpe-televisao-article-header-brasil-globo-nyt-pullitzer-1024x512.jpg 1024w, https:\/\/www.transcend.org\/tms\/wp-content\/uploads\/2016\/05\/rede-golpe-televisao-article-header-brasil-globo-nyt-pullitzer-300x150.jpg 300w, https:\/\/www.transcend.org\/tms\/wp-content\/uploads\/2016\/05\/rede-golpe-televisao-article-header-brasil-globo-nyt-pullitzer-768x384.jpg 768w, https:\/\/www.transcend.org\/tms\/wp-content\/uploads\/2016\/05\/rede-golpe-televisao-article-header-brasil-globo-nyt-pullitzer.jpg 1440w\" sizes=\"auto, (max-width: 700px) 100vw, 700px\" \/><\/a><\/p>\n<p><em><strong>(The English version of this article can be read<\/strong> <a href=\"https:\/\/www.transcend.org\/tms\/2016\/05\/nyt-photographer-mauricio-lima-2016-pulitzer-winner-denounces-globo-and-the-coup-in-brazil\/\" >here<\/a>)<\/em><\/p>\n<p><em>29 abril 2016 &#8211; <\/em>Dez dias atr\u00e1s, o fot\u00f3grafo Mauricio Lima <a target=\"_blank\" href=\"http:\/\/videos.bol.uol.com.br\/video\/mauricio-lima-ganha-o-premio-pulitzer-04024D9C3468CCC15326\" >foi festejado<\/a> pelos <a target=\"_blank\" href=\"http:\/\/cultura.estadao.com.br\/noticias\/geral,fotografo-brasileiro-mauricio-lima-e-premiado-com-o-pulitzer-2016,10000026864\" >grandes meios corporativos<\/a> de comunica\u00e7\u00e3o do Brasil, quando <a target=\"_blank\" href=\"http:\/\/www.pulitzer.org\/winners\/mauricio-lima-sergey-ponomarev-tyler-hicks-and-daniel-etter\" >ganhou o Pr\u00eamio Pulitzer 2016<\/a> na categoria <em>Breaking News Photography, <\/em>o primeiro brasileiro a ganhar o pr\u00eamio. Lima compartilhou o Pulitzer com os colegas, tamb\u00e9m fot\u00f3grafos do <em>New York Times, <\/em>Sergey Ponomarev, Tyler Hicks e Daniel Etter, com quem trabalhou para produzir <a target=\"_blank\" href=\"http:\/\/lens.blogs.nytimes.com\/2016\/04\/18\/photography-pulitzer-for-coverage-of-refugee-crisis\/\" >uma impressionante s\u00e9rie de fotografias<\/a> documentando a jornada de uma fam\u00edlia de refugiados s\u00edrios, os Majids, enquanto eles viajavam da Gr\u00e9cia \u00e0 Su\u00e9cia para pedir asilo. No ano anterior, Lima, com dois colegas, <a target=\"_blank\" href=\"http:\/\/www.pulitzer.org\/finalists\/mauricio-lima-sergey-ponomarev-and-uriel-sinai\" >foi finalista na mesma categoria do Pulitzer<\/a> por seu trabalho no <em>New York Times <\/em>mostrando a devasta\u00e7\u00e3o da guerra na Ucr\u00e2nia. Na semana passada, um colunista d\u2019O Globo citou a defini\u00e7\u00e3o de Joseph Pulitzer sobre o prop\u00f3sito do jornalismo para afirmar que \u201cn\u00e3o h\u00e1 melhor defini\u00e7\u00e3o para descrever o trabalho de Mauricio Lima.\u201d<\/p>\n<p><a href=\"https:\/\/www.transcend.org\/tms\/wp-content\/uploads\/2016\/05\/golpe_nunca_mais-brasil-brics.jpg\" ><img loading=\"lazy\" decoding=\"async\" class=\"aligncenter wp-image-72948\" src=\"https:\/\/www.transcend.org\/tms\/wp-content\/uploads\/2016\/05\/golpe_nunca_mais-brasil-brics.jpg\" alt=\"golpe_nunca_mais brasil brics\" width=\"700\" height=\"350\" srcset=\"https:\/\/www.transcend.org\/tms\/wp-content\/uploads\/2016\/05\/golpe_nunca_mais-brasil-brics.jpg 824w, https:\/\/www.transcend.org\/tms\/wp-content\/uploads\/2016\/05\/golpe_nunca_mais-brasil-brics-300x150.jpg 300w, https:\/\/www.transcend.org\/tms\/wp-content\/uploads\/2016\/05\/golpe_nunca_mais-brasil-brics-768x384.jpg 768w\" sizes=\"auto, (max-width: 700px) 100vw, 700px\" \/><\/a><\/p>\n<p>Mas na noite de ontem, Lima lan\u00e7ou um duro e direto ataque aos mesmos meios de comunica\u00e7\u00e3o que dias antes o saudavam como um her\u00f3i. Lima, junto com os mesmo tr\u00eas colegas do <em>NYT<\/em>, <a target=\"_blank\" href=\"http:\/\/lens.blogs.nytimes.com\/2016\/04\/28\/overseas-press-club-photo-awards\/\" >foi declarado vencedor<\/a> do pr\u00eamio John Faber pelo <em>Overseas Press Club<\/em> pela \u201cmelhor reportagem fotogr\u00e1fica do exterior em jornais ou servi\u00e7os de not\u00edcias.\u201d<\/p>\n<p>Em um <a target=\"_blank\" href=\"https:\/\/www.youtube.com\/watch?v=uTzbbFu6IoU&amp;feature=youtu.be\" >comovente discurso de tr\u00eas minutos<\/a>, Lima aceitou o pr\u00eamio em nome de seus colegas e o dedicou a \u201ccada refugiado com quem cruzei no \u00faltimo ano, pessoas oprimidas pelas guerras e pela injusti\u00e7a social.\u201d Ele prestou uma homenagem especial \u00e0 fam\u00edlia Majid, que \u201caceitou por 29 dias um estranho com uma c\u00e2mera como parte de sua fam\u00edlia.\u201d Mas ele dedicou a \u00faltima parte do seu discurso aos eventos em seu pa\u00eds, o Brasil.<\/p>\n<p>\u201cEu acho muito importante dizer algumas palavras \u2013 eu sou do Brasil\u201d, come\u00e7ou ele, adicionando: \u201cTenho certeza que todos aqui sabem o que est\u00e1 acontecendo no Brasil neste momento.\u201d Ele continuou: \u201cEu gostaria de expressar meu apoio \u00e0 liberdade de express\u00e3o e \u00e0 democracia \u2013 o que \u00e9 exatamente o que <em>n\u00e3o<\/em> est\u00e1 acontecendo no Brasil agora.\u201d Para finalizar seu argumento, uma simples senten\u00e7a: \u201cEnt\u00e3o, eu sou contra o golpe.\u201d<\/p>\n<p>Notadamente, o ganhador do Pulitzer contrastou o \u201cmuito alto n\u00edvel dos profissionais do jornalismo daqui\u201d \u2013 os que se reuniam na cerim\u00f4nia em Nova York \u2013 com os meios de comunica\u00e7\u00e3o no Brasil <a target=\"_blank\" href=\"https:\/\/twitter.com\/ggreenwald\/status\/725783951504228353\" >incitando abertamente os protestos de rua e fazendo agita\u00e7\u00e3o para a sa\u00edda da presidente eleita<\/a>. Para enfatizar seu argumento, ele mostrou uma placa com as palavras \u201cGolpe: Nunca Mais\u201d onde a letra \u201co\u201d foi substitu\u00edda pela logomarca da Globo, maior e mais influente meio de comunica\u00e7\u00e3o do Brasil, que passou 20 anos saudando o golpe de 1964 e a ditadura militar que se seguiu, e que no \u00faltimo ano usou flagrantemente suas m\u00faltiplas plataformas de m\u00eddia para <a target=\"_blank\" href=\"https:\/\/theintercept.com\/2016\/04\/25\/joao-roberto-marinho-me-atacou-no-guardian-e-tentou-enganar-o-mundo-eis-minha-resposta\/\" >fazer propaganda em favor do impeachment de Dilma<\/a>.<\/p>\n<p><a href=\"https:\/\/www.transcend.org\/tms\/wp-content\/uploads\/2016\/05\/mauricio-lima-brazil-1000x583-golpe-nunca-mais-brasil-pullitzer.jpg\" ><img loading=\"lazy\" decoding=\"async\" class=\"aligncenter wp-image-72965\" src=\"https:\/\/www.transcend.org\/tms\/wp-content\/uploads\/2016\/05\/mauricio-lima-brazil-1000x583-golpe-nunca-mais-brasil-pullitzer.jpg\" alt=\"https:\/\/theintercept.com\/2016\/04\/29\/mauricio-lima-fotografo-do-nyt-e-ganhador-do-pulitzer-2016-denuncia-a-globo-e-o-golpe-no-brasil\/\" width=\"600\" height=\"350\" srcset=\"https:\/\/www.transcend.org\/tms\/wp-content\/uploads\/2016\/05\/mauricio-lima-brazil-1000x583-golpe-nunca-mais-brasil-pullitzer.jpg 1000w, https:\/\/www.transcend.org\/tms\/wp-content\/uploads\/2016\/05\/mauricio-lima-brazil-1000x583-golpe-nunca-mais-brasil-pullitzer-300x175.jpg 300w, https:\/\/www.transcend.org\/tms\/wp-content\/uploads\/2016\/05\/mauricio-lima-brazil-1000x583-golpe-nunca-mais-brasil-pullitzer-768x448.jpg 768w\" sizes=\"auto, (max-width: 600px) 100vw, 600px\" \/><\/a><\/p>\n<p>A m\u00eddia brasileira <a target=\"_blank\" href=\"https:\/\/theintercept.com\/2016\/04\/25\/globos-billionaire-heir-joao-roberto-marinho-attacked-me-in-the-guardian-heres-my-response\/\" >perdeu completamente o controle da narrativa no exterior<\/a>, mas tamb\u00e9m vem perdendo cada vez mais no Brasil. Seu plano desonesto para instalar na presid\u00eancia o Vice-Presidente Michel Temer, acusado de corrup\u00e7\u00e3o, profundamente impopular e servo das oligarquias \u2013 que, nesta semana, de maneira indescritivelmente Orwelliana, <a target=\"_blank\" href=\"http:\/\/www1.folha.uol.com.br\/poder\/2016\/04\/1764795-temer-chama-de-golpe-antecipacao-de-eleicao-presidencial.shtml?cmpid=assinante-uol\" >chamou as propostas de \u201cnovas elei\u00e7\u00f5es\u201d de um \u201cgolpe\u201d<\/a> \u2013 est\u00e1 se tornando insustent\u00e1vel.<\/p>\n<p>Figuras proeminentes e universalmente respeit\u00e1veis est\u00e3o cada vez mais se posicionando em rela\u00e7\u00e3o ao perigoso assalto \u00e0 democracia; o mais recente foi o ganhador do Pr\u00eamio Nobel da Paz em 1980, por seu corajoso trabalho contra a ditadura militar em seu pa\u00eds, o argentino Adolfo P\u00e9rez Esquivel, que essa semana, <a target=\"_blank\" href=\"http:\/\/agenciabrasil.ebc.com.br\/en\/politica\/noticia\/2016-04\/nobel-peace-prize-winner-calls-rousseffs-impeachment-coup\" >em visita ao Brasil disse<\/a>: \u201cEst\u00e1 muito claro que o que est\u00e1 sendo montado aqui \u00e9 um golpe de estado disfar\u00e7ado, o que chamamos de um golpe branco,\u201d adicionando: \u201cSeria um grave retrocesso para o continente. Sou um sobrevivente dos dias da ditadura [militar argentina]. Fortalecer as institui\u00e7\u00f5es democr\u00e1ticas nos custou caro. E agora elas est\u00e3o sofrendo ataques.\u201d<\/p>\n<p>Dada sua posi\u00e7\u00e3o no jornalismo internacional, a contundente den\u00fancia de Lima em rela\u00e7\u00e3o ao impeachment e o not\u00e1vel papel n\u00e3o-jornal\u00edstico da Globo, certamente acelerar\u00e1 esse processo. Voc\u00ea pode assistir a seu discurso aqui:<\/p>\n<p>httpv:\/\/www.youtube.com\/watch?v=uTzbbFu6IoU<\/p>\n<p>________________________________________<\/p>\n<p><em><a target=\"_blank\" href=\"https:\/\/theintercept.com\/staff\/glenn-greenwald\/\" >Glenn Greenwald<\/a> &#8211; <a href=\"mailto:glenn.greenwald@theintercept.com\">\u2709glenn.greenwald@theintercept.com<\/a><\/em><\/p>\n<p><a target=\"_blank\" href=\"https:\/\/theintercept.com\/2016\/04\/29\/mauricio-lima-fotografo-do-nyt-e-ganhador-do-pulitzer-2016-denuncia-a-globo-e-o-golpe-no-brasil\/\" >Go to Original \u2013 theintercept.com<\/a><\/p>\n","protected":false},"excerpt":{"rendered":"<p>&#8220;Gostaria de expressar meu apoio a liberdade de imprensa e a Democracia, que \u00e9 exatamente o que n\u00e3o est\u00e1 acontecendo no Brasil nesse momento. Sou contra o Golpe,\u201d disse o her\u00f3i brasileiro, tamb\u00e9m denunciando a Globo.<\/p>\n","protected":false},"author":4,"featured_media":0,"comment_status":"open","ping_status":"closed","sticky":false,"template":"","format":"standard","meta":{"footnotes":""},"categories":[46],"tags":[],"class_list":["post-72964","post","type-post","status-publish","format-standard","hentry","category-original-languages"],"_links":{"self":[{"href":"https:\/\/www.transcend.org\/tms\/wp-json\/wp\/v2\/posts\/72964","targetHints":{"allow":["GET"]}}],"collection":[{"href":"https:\/\/www.transcend.org\/tms\/wp-json\/wp\/v2\/posts"}],"about":[{"href":"https:\/\/www.transcend.org\/tms\/wp-json\/wp\/v2\/types\/post"}],"author":[{"embeddable":true,"href":"https:\/\/www.transcend.org\/tms\/wp-json\/wp\/v2\/users\/4"}],"replies":[{"embeddable":true,"href":"https:\/\/www.transcend.org\/tms\/wp-json\/wp\/v2\/comments?post=72964"}],"version-history":[{"count":0,"href":"https:\/\/www.transcend.org\/tms\/wp-json\/wp\/v2\/posts\/72964\/revisions"}],"wp:attachment":[{"href":"https:\/\/www.transcend.org\/tms\/wp-json\/wp\/v2\/media?parent=72964"}],"wp:term":[{"taxonomy":"category","embeddable":true,"href":"https:\/\/www.transcend.org\/tms\/wp-json\/wp\/v2\/categories?post=72964"},{"taxonomy":"post_tag","embeddable":true,"href":"https:\/\/www.transcend.org\/tms\/wp-json\/wp\/v2\/tags?post=72964"}],"curies":[{"name":"wp","href":"https:\/\/api.w.org\/{rel}","templated":true}]}}