{"id":74252,"date":"2016-05-30T12:00:55","date_gmt":"2016-05-30T11:00:55","guid":{"rendered":"https:\/\/www.transcend.org\/tms\/?p=74252"},"modified":"2016-05-28T14:47:52","modified_gmt":"2016-05-28T13:47:52","slug":"italiano-guerra-ambiente-nonviolenza","status":"publish","type":"post","link":"https:\/\/www.transcend.org\/tms\/2016\/05\/italiano-guerra-ambiente-nonviolenza\/","title":{"rendered":"(Italiano) Guerra, ambiente, nonviolenza"},"content":{"rendered":"<p><em>23 maggio 2016 <\/em><\/p>\n<p><a href=\"https:\/\/www.transcend.org\/tms\/wp-content\/uploads\/2016\/05\/sommergibile-todaro-210811-768x468-submarine.jpg\" ><img loading=\"lazy\" decoding=\"async\" class=\"aligncenter wp-image-74253\" src=\"https:\/\/www.transcend.org\/tms\/wp-content\/uploads\/2016\/05\/sommergibile-todaro-210811-768x468-submarine.jpg\" alt=\"sommergibile-todaro-210811-768x468 submarine\" width=\"700\" height=\"427\" srcset=\"https:\/\/www.transcend.org\/tms\/wp-content\/uploads\/2016\/05\/sommergibile-todaro-210811-768x468-submarine.jpg 768w, https:\/\/www.transcend.org\/tms\/wp-content\/uploads\/2016\/05\/sommergibile-todaro-210811-768x468-submarine-300x183.jpg 300w\" sizes=\"auto, (max-width: 700px) 100vw, 700px\" \/><\/a><\/p>\n<p>\u00abLa frantumazione del sapere, la mancata percezione della complessit\u00e0 umana lascia spazio alla barbarie. Ma attenzione, perch\u00e9 alla barbarie a noi pi\u00f9 nota, che \u00e8 quella della <strong>guerra<\/strong>, delle torture, della fame, se ne aggiunge un\u2019altra fatta dal <strong>calcolo<\/strong>, dal profitto, dalla tecnologia al servizio dell\u2019economia. \u00a0Sono due demoni fra loro alleati, anche se si manifestano in modo differente nei vari luoghi del pianeta\u00bb.<br \/>\n&#8212; Edgar Morin, <em>conferenza Teatro dal Verme di Milano l\u201911 novembre 2009<\/em><\/p>\n<p><strong>La strategia militare internazionale dell\u2019Italia<\/strong><\/p>\n<p><em>Armarsi\u2026<\/em><\/p>\n<p>Da anni \u2013 nonostante il succedersi di governi di vario colore politico \u2013 la strategia dell\u2019Italia in tema di \u2018difesa\u2019 \u00e8 rimasta la stessa: dotarsi di armamenti sempre pi\u00f9 costosi e pericolosi, in grado attaccare i nemici per oltre i confini nazionali.<\/p>\n<p>Alcuni dati:<\/p>\n<ul>\n<li>nel 2013 si approva l\u2019ultima tranche di stanziamento per la costruzione di due nuovi sommergibili U 212 che si affiancheranno a quelli in esercizio con base a Taranto. Sono sommergibili di \u201cultima generazione\u201d della classe U 212, detta anche classe Todaro<a target=\"_blank\" href=\"http:\/\/serenoregis.org\/2016\/05\/23\/guerra-ambiente-nonviolenza-elena-camino\/#sdfootnote1sym\" ><sup>1<\/sup><\/a><strong>.<\/strong> Due battelli, come dicono in gergo, che costano quasi 1 miliardo di euro, che sommato all\u2019altro miliardo gi\u00e0 speso per altre 2 unit\u00e0 gi\u00e0 entrate in esercizio e con base a Taranto, fanno 2 miliardi.<\/li>\n<li>4 maggio 2015 ROMA \u2013 L\u2019Italia acquista i primi 8 F-35. La prima base operativa con l\u2019F-35 sar\u00e0 Amendola (Foggia), la seconda Grottaglie (Taranto), che dovrebbe ricevere il primo aereo nel 2018. Poi sar\u00e0 la volta della portaerei Cavour, che ricever\u00e0 il modello a decollo verticale ed infine toccher\u00e0 a Ghedi (Brescia).<\/li>\n<li>Il 4 luglio 2015 \u00e8 stato varato presso lo stabilimento navale militare di <a target=\"_blank\" href=\"https:\/\/www.fincantieri.it\/\" >Fincantieri<\/a> del Muggiano <strong>(<\/strong>SP) il sommergibile Romeo Romei<strong>,<\/strong> quarta unit\u00e0 della classe <a target=\"_blank\" href=\"http:\/\/www.marina.difesa.it\/uominimezzi\/flotta\/sommergibili\/Pagine\/ClasseTodaro.aspx\" >Todaro <\/a>(tipo U212A) e gemello del sommergibile Venuti varato il mese di ottobre dello scorso anno<a target=\"_blank\" href=\"http:\/\/serenoregis.org\/2016\/05\/23\/guerra-ambiente-nonviolenza-elena-camino\/#sdfootnote2sym\" ><sup>2<\/sup><\/a>. Il nuovo battello \u00e8 dotato di un innovativo sistema d\u2019arma, basato sul nuovo siluro pesante di produzione nazionale (Black Shark Advanced) realizzato dalla ditta <a target=\"_blank\" href=\"http:\/\/www.wass.it\/\" >WASS<\/a>.<\/li>\n<li>Novembre 2015 : il governo Renzi conferma ufficialmente e definitivamente lo stanziamento di 13 miliardi di euro per l\u2019acquisto dei 90 cacciabombardieri F35<a target=\"_blank\" href=\"http:\/\/serenoregis.org\/2016\/05\/23\/guerra-ambiente-nonviolenza-elena-camino\/#sdfootnote3sym\" ><sup>3<\/sup><\/a>. Il budget aggiornato al luglio 2015 per il programma F35 prevede la spesa di 12 miliardi e 356 milioni di euro, che sommati al mezzo miliardo per i lavori di predisposizione di basi dell\u2019Aeronautica Militare e altre infrastrutture danno un totale di quasi 13 miliardi.<\/li>\n<li>Novembre 2015. Questo \u00e8 il dettaglio dei programmi militari sostenuti dal Mise: quasi un miliardo e mezzo per programmi aeronautici (cacciabombardieri Eurofighter, velivoli M346, elicotteri Hh101 per l\u2019Aeronautica e Nh90 per Esercito e Marina), circa 900 milioni per le nuove navi da guerra della Marina (fregate Fremm, nuovi pattugliatori\/lanciamissili e nuova portaelicotteri), 200 milioni per i blindati Freccia dell\u2019Esercito e altri 100 milioni per il programma Forza Nec di digitalizzazione delle forze terrestri.<a target=\"_blank\" href=\"http:\/\/serenoregis.org\/2016\/05\/23\/guerra-ambiente-nonviolenza-elena-camino\/#sdfootnote4sym\" ><sup>4<\/sup><\/a><\/li>\n<li>16 maggio 2016. I sommergibili che difendono l\u2019Italia<a target=\"_blank\" href=\"http:\/\/serenoregis.org\/2016\/05\/23\/guerra-ambiente-nonviolenza-elena-camino\/#sdfootnote5sym\" ><sup>5<\/sup><\/a> . I sommergibili sono parte integrante della missione Mare Sicuro, affidata dal governo alla Marina, che da tredici mesi vede 900 marinai pattugliare il Mediterraneo centrale, al largo delle coste del Nord Africa e in particolare della Libia.<\/li>\n<\/ul>\n<p>\u2026 <em>e armare gli altri!<\/em><\/p>\n<p>E\u2019 notizia recente la firma di un accordo tra Italia e Kuwait, che assegna una commessa record per Finmeccanica: 28 caccia Eurofighter al Kuwait. \u00c8 il pi\u00f9 avanzato aereo da difesa multiruolo di nuova generazione oggi sul mercato.<\/p>\n<p>Un miliardo di investimenti nei prossimi cinque anni e 200 nuovi posti di lavoro entro il 2017<a target=\"_blank\" href=\"http:\/\/serenoregis.org\/2016\/05\/23\/guerra-ambiente-nonviolenza-elena-camino\/#sdfootnote6sym\" ><sup>6<\/sup><\/a>: sono questi i punti salienti dei programmi di Finmeccanica nell\u2019area torinese annunciati stamani dall\u2019amministratore delegato del gruppo Mauro Moretti (un personaggio ben noto al pubblico italiano<a target=\"_blank\" href=\"http:\/\/serenoregis.org\/2016\/05\/23\/guerra-ambiente-nonviolenza-elena-camino\/#sdfootnote7sym\" ><sup>7<\/sup><\/a> .<\/p>\n<p>Ad oggi otto nazioni<a target=\"_blank\" href=\"http:\/\/serenoregis.org\/2016\/05\/23\/guerra-ambiente-nonviolenza-elena-camino\/#sdfootnote8sym\" ><sup>8<\/sup><\/a> hanno complessivamente ordinato 599 esemplari dell\u2019Eurofighter Typhoon<a target=\"_blank\" href=\"http:\/\/serenoregis.org\/2016\/05\/23\/guerra-ambiente-nonviolenza-elena-camino\/#sdfootnote9sym\" ><sup>9<\/sup><\/a>, che nasce dalla collaborazione tra Italia, Regno Unito, Germania e Spagna.<\/p>\n<p><strong>L\u2019Italia \u2018ospita\u2019 armamenti nucleari<\/strong><\/p>\n<p>In alcuni Paesi una parte importante del bilancio per la Difesa \u00e8 speso per mantenere, rimodernare e, in alcuni casi, moltiplicare gli arsenali atomici. All\u2019inizio del 2015 nove Stati (USA, Russia, UK, Francia, Cina, India, Pakistan, Israele e Nord Corea) possedevano circa 15.850 armi nucleari, di cui 1.800 in stato di allerta operativa (dati SIPRI 2015).<\/p>\n<p>In Italia ci sono 59 basi militari americane. \u00c8\u00a0il primo avamposto statunitense in Europa per numero di bombe nucleari schierate, e\u00a0il quinto al mondo per numero di installazioni militari. Sono 70 in tutto, ed \u00e8 un arsenale custodito in sole due basi: 50 ad Aviano in provincia di Pordenone, 20 a Ghedi in provincia di Brescia. A rilevarlo \u00e8 la Federation of American Scientist<a target=\"_blank\" href=\"http:\/\/serenoregis.org\/2016\/05\/23\/guerra-ambiente-nonviolenza-elena-camino\/#sdfootnote10sym\" >10<\/a>, organizzazione fondata nel 1945 a Washington, che si occupa di analizzare i numeri legati alla presenza di armi nucleari nel mondo.<\/p>\n<p>A Ghedi sono stati fotografati camion WMT della Nato, utilizzati per la manutenzione di questo tipo di bombe. E l\u2019aeroporto \u00e8 la base dei \u201cdiavoli rossi\u201d del 6\u00b0 stormo dell\u2019Aeronautica Militare Italiana, che ha in dotazione cacciabombardieri Tornado, una tipologia di velivolo che pu\u00f2 essere armato con bombe nucleari.<\/p>\n<p>La base di Aviano \u00e8 invece oggi base del 31esimo Fighter Wing dell\u2019aviazione statunitense, che ha due squadroni che volano su F-16, anch\u2019essi a capacit\u00e0 di armamento nucleare.<\/p>\n<p>E\u2019 del gennaio 2016 la notizia che \u00ab<em>Le pi\u00f9 piccole bombe Usa alimentano la paura nucleare<\/em>\u00bb: cos\u00ec titolava The New York Times, riferendosi alle B61-12, le nuove bombe nucleari che gli Usa stanno per installare anche in Italia al posto delle B-61 schierate ad Aviano e Ghedi-Torre<a target=\"_blank\" href=\"http:\/\/serenoregis.org\/2016\/05\/23\/guerra-ambiente-nonviolenza-elena-camino\/#sdfootnote11sym\" ><sup>11<\/sup><\/a>.<\/p>\n<p><strong>Tempi di pace per preparare la guerra<\/strong><\/p>\n<p>Al di l\u00e0 della preoccupazione (o della retorica?) sulla necessit\u00e0 di \u2018difendere la patria\u2019, le scelte del nostro governo sono orientare ad assicurare il \u2018benessere economico e la crescita\u2019 per la societ\u00e0 italiana.<\/p>\n<p>Come si legge su un quotidiano torinese (l\u2019area pi\u00f9 direttamente interessata all\u2019accordo con il Kuwait) , \u201c<em>\u00e8 nella costruzione degli aerei, in Italia, e nell\u2019addestramento di piloti e personale di terra (in collaborazione con l\u2019Aeronautica militare italiana) che si concentra la quota pi\u00f9 ampia del valore della commessa. Poi c\u2019\u00e8 la logistica e c\u2019\u00e8 l\u2019aggiornamento delle infrastrutture aeroportuali necessario per far volare gli Eurofighter Typhoon nelle basi aeree dell\u2019aeronautica kuwaitiana. Da aggiungere anche le sottocommesse, come per radar e contromisure elettroniche. La ricaduta in Italia \u00e8 ampia, ed \u00e8 un volano che coinvolger\u00e0 l\u2019ampia filiera delle pmi dell\u2019indotto e che dar\u00e0 un buon sostegno all\u2019occupazione nel settore. Il maggiore coinvolgimento sar\u00e0 per l\u2019area di Torino, che beneficer\u00e0 dell\u2019impatto pi\u00f9 ampio, ma gli effetti toccheranno anche Toscana, Puglia e Campania.<\/em><a target=\"_blank\" href=\"http:\/\/serenoregis.org\/2016\/05\/23\/guerra-ambiente-nonviolenza-elena-camino\/#sdfootnote12sym\" ><sup>12<\/sup><\/a><\/p>\n<p>In un paese come l\u2019Italia, che sta attraversando una grave crisi economica, la prospettiva del posto di lavoro vince ogni scrupolo morale. E la fotografia della Ministra Pinotti a colloquio con il suo collega del Kuwait suscita compiacimento e approvazione, per l\u2019abilit\u00e0 diplomatica del nostro governo.<\/p>\n<p><a href=\"https:\/\/www.transcend.org\/tms\/wp-content\/uploads\/2016\/05\/Ministra-Pinotti-kuwait-italia.jpg\" ><img loading=\"lazy\" decoding=\"async\" class=\"alignleft size-full wp-image-74254\" src=\"https:\/\/www.transcend.org\/tms\/wp-content\/uploads\/2016\/05\/Ministra-Pinotti-kuwait-italia.jpg\" alt=\"Ministra Pinotti kuwait italia\" width=\"300\" height=\"220\" \/><\/a>Tutte le iniziative del governo fin qui descritte sono state realizzate in tempo \u2018di pace\u2019. Riprendendo le parole di Edgan Morin \u2013\u00a0alla barbarie a noi pi\u00f9 nota, che \u00e8 quella della <strong>guerra<\/strong>, delle torture, della fame, se ne aggiunge un\u2019altra fatta dal <strong>calcolo<\/strong>, dal profitto, dalla tecnologia al servizio dell\u2019economia \u2013\u00a0possiamo concordare con lui nel pensare che \u2018sono due demoni tra loro alleati\u2019&#8230;<\/p>\n<p>_______________________________________<\/p>\n<p><em>Elena Camino <\/em><em>\u00e8 membro della rete <a href=\"https:\/\/www.transcend.org\/\" >TRANSCEND per la Pace, Sviluppo e Ambiente<\/a> e <\/em><em><a target=\"_blank\" href=\"http:\/\/www.assefatorino.org\" >Gruppo ASSEFA Torino<\/a><\/em><em>.<\/em><\/p>\n<p><a target=\"_blank\" href=\"http:\/\/serenoregis.org\/2016\/05\/23\/guerra-ambiente-nonviolenza-elena-camino\/\" >Per continuare a leggere si prega Go to Original \u2013 serenoregis.org<\/a><\/p>\n","protected":false},"excerpt":{"rendered":"<p>Riprendendo le parole di Edgan Morin \u2013 alla barbarie a noi pi\u00f9 nota, che \u00e8 quella della guerra, delle torture, della fame, se ne aggiunge un\u2019altra fatta dal calcolo, dal profitto, dalla tecnologia al servizio dell\u2019economia \u2013 possiamo concordare con lui nel pensare che \u2018sono due demoni tra loro alleati\u2019&#8230;<\/p>\n","protected":false},"author":4,"featured_media":0,"comment_status":"open","ping_status":"closed","sticky":false,"template":"","format":"standard","meta":{"footnotes":""},"categories":[46],"tags":[],"class_list":["post-74252","post","type-post","status-publish","format-standard","hentry","category-original-languages"],"_links":{"self":[{"href":"https:\/\/www.transcend.org\/tms\/wp-json\/wp\/v2\/posts\/74252","targetHints":{"allow":["GET"]}}],"collection":[{"href":"https:\/\/www.transcend.org\/tms\/wp-json\/wp\/v2\/posts"}],"about":[{"href":"https:\/\/www.transcend.org\/tms\/wp-json\/wp\/v2\/types\/post"}],"author":[{"embeddable":true,"href":"https:\/\/www.transcend.org\/tms\/wp-json\/wp\/v2\/users\/4"}],"replies":[{"embeddable":true,"href":"https:\/\/www.transcend.org\/tms\/wp-json\/wp\/v2\/comments?post=74252"}],"version-history":[{"count":0,"href":"https:\/\/www.transcend.org\/tms\/wp-json\/wp\/v2\/posts\/74252\/revisions"}],"wp:attachment":[{"href":"https:\/\/www.transcend.org\/tms\/wp-json\/wp\/v2\/media?parent=74252"}],"wp:term":[{"taxonomy":"category","embeddable":true,"href":"https:\/\/www.transcend.org\/tms\/wp-json\/wp\/v2\/categories?post=74252"},{"taxonomy":"post_tag","embeddable":true,"href":"https:\/\/www.transcend.org\/tms\/wp-json\/wp\/v2\/tags?post=74252"}],"curies":[{"name":"wp","href":"https:\/\/api.w.org\/{rel}","templated":true}]}}