{"id":75846,"date":"2016-07-04T12:00:47","date_gmt":"2016-07-04T11:00:47","guid":{"rendered":"https:\/\/www.transcend.org\/tms\/?p=75846"},"modified":"2016-07-01T18:20:41","modified_gmt":"2016-07-01T17:20:41","slug":"castellano-la-vida-de-antoine-de-saint-exupery-autor-de-el-principito","status":"publish","type":"post","link":"https:\/\/www.transcend.org\/tms\/2016\/07\/castellano-la-vida-de-antoine-de-saint-exupery-autor-de-el-principito\/","title":{"rendered":"(Castellano) La vida de Antoine de Saint-Exup\u00e9ry, autor de El Principito"},"content":{"rendered":"<p><em>La actividad literaria del escritor franc\u00e9s estuvo a la par con su labor como aviador.\u00a0<\/em><\/p>\n<div id=\"attachment_75847\" style=\"width: 610px\" class=\"wp-caption aligncenter\"><a href=\"https:\/\/www.transcend.org\/tms\/wp-content\/uploads\/2016\/07\/Antoine-de-Saint-Exup\u00e9ry1.jpg\" ><img loading=\"lazy\" decoding=\"async\" aria-describedby=\"caption-attachment-75847\" class=\"wp-image-75847 size-full\" src=\"https:\/\/www.transcend.org\/tms\/wp-content\/uploads\/2016\/07\/Antoine-de-Saint-Exup\u00e9ry1.jpg\" alt=\"Antoine de Saint-Exup\u00e9ry1\" width=\"600\" height=\"340\" srcset=\"https:\/\/www.transcend.org\/tms\/wp-content\/uploads\/2016\/07\/Antoine-de-Saint-Exup\u00e9ry1.jpg 600w, https:\/\/www.transcend.org\/tms\/wp-content\/uploads\/2016\/07\/Antoine-de-Saint-Exup\u00e9ry1-300x170.jpg 300w\" sizes=\"auto, (max-width: 600px) 100vw, 600px\" \/><\/a><p id=\"caption-attachment-75847\" class=\"wp-caption-text\">En 1926 obtuvo un contrato como piloto para una agencia privada. | Foto: Archivo<\/p><\/div>\n<p><em>29 junio 2016 &#8211; <\/em>El 29 de junio de 1900 naci\u00f3 el novelista y aviador franc\u00e9s Antoine de Saint-Exup\u00e9ry. Desde muy peque\u00f1o manifest\u00f3 inter\u00e9s por la aviaci\u00f3n y aprendi\u00f3 el oficio cuando prest\u00f3 servicio militar.<\/p>\n<p>En 1926 public\u00f3 su primera novela breve, <em>El aviador<\/em>, y obtuvo un contrato como piloto para una agencia privada.\u00a0Se desempe\u00f1\u00f3 como jefe de estaci\u00f3n a\u00e9rea en el Sahara espa\u00f1ol y en ese per\u00edodo escribi\u00f3 su segunda novela,<em> Correo del Sur <\/em>(1929). En los a\u00f1os 30 realiz\u00f3 adaptaciones cinematogr\u00e1ficas y otras actividades.<\/p>\n<p>Viaj\u00f3 a Mosc\u00fa y a la Espa\u00f1a sitiada por la guerra, escribi\u00f3 reportajes y art\u00edculos para varias revistas. Tambi\u00e9n form\u00f3 parte de las misiones de la aviaci\u00f3n francesa durante la Segunda Guerra Mundial. Luego estuvo en Nueva York cuyas an\u00e9cdotas las recopil\u00f3 en<em> Piloto de guerra <\/em>(1942).<\/p>\n<p>El 6 de abril de 1943 apareci\u00f3 su obra cumbre, <em>El Principito<\/em>, catalogada como una las mejores creaciones literarias del siglo XX. Ha sido traducida a m\u00e1s de 250 idiomas\u00a0y,\u00a0recientemente, a la<a target=\"_blank\" href=\"http:\/\/www.telesurtv.net\/news\/El-Principito-ya-puede-leerse-en-lengua-aymara-20160502-0051.html\" ><strong> lengua aymara<\/strong><\/a>.<\/p>\n<div id=\"attachment_75848\" style=\"width: 610px\" class=\"wp-caption aligncenter\"><a href=\"https:\/\/www.transcend.org\/tms\/wp-content\/uploads\/2016\/07\/el-principito-pelicula-critica-resena-estreno-3.jpg_1024992700-Antoine-de-Saint-Exup\u00e9ry.jpg\" ><img loading=\"lazy\" decoding=\"async\" aria-describedby=\"caption-attachment-75848\" class=\"wp-image-75848\" src=\"https:\/\/www.transcend.org\/tms\/wp-content\/uploads\/2016\/07\/el-principito-pelicula-critica-resena-estreno-3.jpg_1024992700-Antoine-de-Saint-Exup\u00e9ry.jpg\" alt=\"Foto: actitudfem.com\" width=\"600\" height=\"247\" srcset=\"https:\/\/www.transcend.org\/tms\/wp-content\/uploads\/2016\/07\/el-principito-pelicula-critica-resena-estreno-3.jpg_1024992700-Antoine-de-Saint-Exup\u00e9ry.jpg 730w, https:\/\/www.transcend.org\/tms\/wp-content\/uploads\/2016\/07\/el-principito-pelicula-critica-resena-estreno-3.jpg_1024992700-Antoine-de-Saint-Exup\u00e9ry-300x123.jpg 300w\" sizes=\"auto, (max-width: 600px) 100vw, 600px\" \/><\/a><p id=\"caption-attachment-75848\" class=\"wp-caption-text\">Foto: actitudfem.com<\/p><\/div>\n<p>El\u00a031 de julio de 1944, el escritor realizaba un vuelo de reconocimiento a bordo de un Lockheed Lightsning P-38 y <a target=\"_blank\" href=\"http:\/\/www.telesurtv.net\/news\/70-anos-sin-el-autor-de-El-Principito-20140731-0085.html\" ><strong>desapareci\u00f3 en el Mediterr\u00e1neo<\/strong><\/a>. Su cuerpo nunca fue hallado.<\/p>\n<p><strong>Cinco frases memorables de <em>El Principito<\/em><\/strong><\/p>\n<ol>\n<li>\u201cFue el tiempo que pasaste con tu rosa lo que la hizo tan importante\u201d.<\/li>\n<li>&#8220;Todos los mayores han sido primero ni\u00f1os (pero pocos lo recuerdan)&#8221;.<\/li>\n<li>\u201cSi vienes, por ejemplo, a las cuatro de la tarde; desde las tres yo empezar\u00eda a ser feliz\u201d.<\/li>\n<li>\u201cMe pregunto si las estrellas se iluminan con el fin de que alg\u00fan d\u00eda, cada uno pueda encontrar la suya\u201d.<\/li>\n<li>\u201cHe aqu\u00ed mi secreto, que no puede ser m\u00e1s simple: s\u00f3lo con el coraz\u00f3n se puede ver bien; lo esencial es invisible a los ojos\u201d.<\/li>\n<\/ol>\n<p><strong>&gt;&gt; <\/strong><strong><a target=\"_blank\" href=\"http:\/\/www.telesurtv.net\/news\/Frases-de-El-Principito-a-73-anos-de-su-publicacion-20160406-0075.html\" >Frases de El Principito a 73 a\u00f1os de su publicaci\u00f3n<\/a><\/strong><\/p>\n<p><a target=\"_blank\" href=\"http:\/\/www.telesurtv.net\/news\/La-vida-de-Antoine-de-Saint-Exupery-autor-de-El-Principito-20160629-0050.html?utm_source=planisys&amp;utm_medium=NewsletterEspa%C3%B1ol&amp;utm_campaign=NewsletterEspa%C3%B1ol&amp;utm_content=27&amp;#\" >Go to Original \u2013 telesurtv.net<\/a><\/p>\n","protected":false},"excerpt":{"rendered":"<p>El 29 de junio de 1900 naci\u00f3 el novelista y aviador franc\u00e9s Antoine de Saint-Exup\u00e9ry. El 6 de abril de 1943 apareci\u00f3 su obra cumbre, El Principito, catalogada como una las mejores creaciones literarias del siglo XX. Ha sido traducida a m\u00e1s de 250 idiomas y, recientemente, a la lengua aymara. <\/p>\n","protected":false},"author":4,"featured_media":0,"comment_status":"open","ping_status":"closed","sticky":false,"template":"","format":"standard","meta":{"footnotes":""},"categories":[46],"tags":[],"class_list":["post-75846","post","type-post","status-publish","format-standard","hentry","category-original-languages"],"_links":{"self":[{"href":"https:\/\/www.transcend.org\/tms\/wp-json\/wp\/v2\/posts\/75846","targetHints":{"allow":["GET"]}}],"collection":[{"href":"https:\/\/www.transcend.org\/tms\/wp-json\/wp\/v2\/posts"}],"about":[{"href":"https:\/\/www.transcend.org\/tms\/wp-json\/wp\/v2\/types\/post"}],"author":[{"embeddable":true,"href":"https:\/\/www.transcend.org\/tms\/wp-json\/wp\/v2\/users\/4"}],"replies":[{"embeddable":true,"href":"https:\/\/www.transcend.org\/tms\/wp-json\/wp\/v2\/comments?post=75846"}],"version-history":[{"count":0,"href":"https:\/\/www.transcend.org\/tms\/wp-json\/wp\/v2\/posts\/75846\/revisions"}],"wp:attachment":[{"href":"https:\/\/www.transcend.org\/tms\/wp-json\/wp\/v2\/media?parent=75846"}],"wp:term":[{"taxonomy":"category","embeddable":true,"href":"https:\/\/www.transcend.org\/tms\/wp-json\/wp\/v2\/categories?post=75846"},{"taxonomy":"post_tag","embeddable":true,"href":"https:\/\/www.transcend.org\/tms\/wp-json\/wp\/v2\/tags?post=75846"}],"curies":[{"name":"wp","href":"https:\/\/api.w.org\/{rel}","templated":true}]}}