{"id":75855,"date":"2016-07-04T12:00:32","date_gmt":"2016-07-04T11:00:32","guid":{"rendered":"https:\/\/www.transcend.org\/tms\/?p=75855"},"modified":"2016-07-01T18:39:30","modified_gmt":"2016-07-01T17:39:30","slug":"castellano-rechazo-a-presidente-interino-de-brasil-llega-a-70","status":"publish","type":"post","link":"https:\/\/www.transcend.org\/tms\/2016\/07\/castellano-rechazo-a-presidente-interino-de-brasil-llega-a-70\/","title":{"rendered":"(Castellano) Rechazo a presidente interino de Brasil llega a 70%"},"content":{"rendered":"<div class=\"subtitle\"><em>La desaprobaci\u00f3n de Michel Temer\u00a0aument\u00f3 unos nueve puntos desde febrero a la fecha, seg\u00fan sondeo.\u00a0<\/em><\/div>\n<div class=\"subtitle\"><\/div>\n<div id=\"attachment_75857\" style=\"width: 410px\" class=\"wp-caption aligncenter\"><a href=\"https:\/\/www.transcend.org\/tms\/wp-content\/uploads\/2016\/07\/unnamed-file.jpg\" ><img loading=\"lazy\" decoding=\"async\" aria-describedby=\"caption-attachment-75857\" class=\"wp-image-75857\" src=\"https:\/\/www.transcend.org\/tms\/wp-content\/uploads\/2016\/07\/unnamed-file-300x170.jpg\" alt=\"Temer no contaba con que su gesti\u00f3n iba a ser tan ampliamente rechazada. | Foto: La Naci\u00f3n (Archivo). \" width=\"400\" height=\"227\" srcset=\"https:\/\/www.transcend.org\/tms\/wp-content\/uploads\/2016\/07\/unnamed-file-300x170.jpg 300w, https:\/\/www.transcend.org\/tms\/wp-content\/uploads\/2016\/07\/unnamed-file.jpg 600w\" sizes=\"auto, (max-width: 400px) 100vw, 400px\" \/><\/a><p id=\"caption-attachment-75857\" class=\"wp-caption-text\">Temer no contaba con que su gesti\u00f3n iba a ser tan ampliamente rechazada. | Foto: La Naci\u00f3n (Archivo).<\/p><\/div>\n<p><em>27 junio 2016 &#8211; <\/em>La desaprobaci\u00f3n del presidente provisional de Brasil, Michel Temer, creci\u00f3 nueve puntos porcentuales desde febrero a la fecha, seg\u00fan la primera encuesta realizada por el Instituto Ipsos,\u00a0cuyos resultados fueron revelados este lunes.<\/p>\n<p>Pese a que Temer planific\u00f3 su mandato a las sombras de un juicio pol\u00edtico contra la mandataria separada de su cargo,\u00a0Dilma Rousseff,\u00a0el rechazo al actual mandatario interino aument\u00f3 del 61 al 70 por ciento en ese lapso.<\/p>\n<p><strong><em>Los aspectos peor evaluados de la gesti\u00f3n de Temer son el combate al desempleo (44 por ciento), los programas Mi Casa, Mi vida y Bolsa Familia (43), la crisis pol\u00edtica (42) y el enfrentamiento a la corrupci\u00f3n y la inflaci\u00f3n (40).<\/em><\/strong><\/p>\n<p>De acuerdo con la mencionada encuesta,\u00a0rese\u00f1ada por el diario digital Brasil 247, los esc\u00e1ndalos de corrupci\u00f3n da\u00f1aron tambi\u00e9n la imagen de todos los \u201cpresidenciables\u201d tradicionales.<\/p>\n<p>Michel Temer ha sido catalogado por Rousseff de \u201cconspirador\u201d y \u201cgolpista\u201d. El presidente provisional\u00a0se ha vuelto ahora blanco de la desconfianza de los brasile\u00f1os, debido\u00a0a las frecuentes denuncias de\u00a0corrupci\u00f3n y desv\u00edo de dinero p\u00fablico.<\/p>\n<p>Adicionalmente, la justicia sospecha de la implicaci\u00f3n de Temer en el caso\u00a0Petrobras\u00a0(un &#8220;arrepentido&#8221; mencion\u00f3 su nombre en una declaraci\u00f3n).<\/p>\n<p>Temer\u00a0contin\u00faa en el ojo del hurac\u00e1n, y mientras un cuarto ministro suyo enfrenta acusaciones que lo podr\u00edan obligar a ser uno m\u00e1s en la lista de renuncias ministeriales, el mismo mandatario interino acept\u00f3 el pasado 22 de junio\u00a0que hay un\u00a0golpe de Estado en su pa\u00eds, a trav\u00e9s de un mensaje en las redes sociales.<\/p>\n<p><strong>Retorno de la democracia<\/strong><\/p>\n<p>La Central \u00danica de Trabajadores (CUT) de Brasil respalda la propuesta de plebiscito realizada por Dilma Rousseff para convocar a una reforma pol\u00edtica que pueda anticipar las elecciones presidenciales.<\/p>\n<p>As\u00ed lo expres\u00f3 el presidente de la CUT, Vagner Freitas, quien critic\u00f3 que la mandataria se encuentre\u00a0apartada de su cargo, por lo que asegur\u00f3 que si la consulta es \u201cla \u00fanica esperanza\u201d la\u00a0apoyar\u00e1n.<\/p>\n<p>Por su parte, el expresidente Luiz In\u00e1cio Lula da Silva asegura que\u00a0Brasil puede haber\u00a0un plebiscito que convoque a una reforma pol\u00edtica que pueda anticipar el proceso electoral, lo que podr\u00eda traer &#8220;muchas cosas de aqu\u00ed en adelante, muchas cosas y la sociedad est\u00e1\u00a0despierta&#8221;.<\/p>\n<p><strong>En contexto<\/strong><\/p>\n<p>Desde el inicio del proceso de juicio pol\u00edtico contra la mandataria\u00a0Rousseff, organizaciones y movimientos sociales se han movilizado para denunciar el golpe parlamentario,\u00a0defender la institucionalidad y los logros sociales alcanzados durante los gobiernos de Da Silva y Rousseff.<\/p>\n<p>El 17 de junio de este a\u00f1o,\u00a0Michel Temer cumpli\u00f3 un mes como presidente interino de Brasil en un escenario de continuas protestas,\u00a0en las que el pueblo exige el respeto a la democracia\u00a0y a la presidenta electa popularmente\u00a0Dilma Rousseff.<\/p>\n<p>El corresponsal de teleSUR,\u00a0Leonardo Fern\u00e1ndez, indic\u00f3 que m\u00e1s del\u00a055 por ciento de la poblaci\u00f3n rechaza a Temer.<\/p>\n<p>El presidente interino sigue con pol\u00edticas de recortes. Anunci\u00f3\u00a0que buscar\u00e1\u00a0una enmienda constitucional para disminuir\u00a0los presupuestos de todas las \u00e1reas de Gobierno, incluidas salud y educaci\u00f3n.<\/p>\n<p><a target=\"_blank\" href=\"http:\/\/www.telesurtv.net\/news\/Crece-rechazo-a-presidente-interino-de-Brasil-segun-sondeo-20160627-0028.html?utm_source=planisys&amp;utm_medium=NewsletterEspa%C3%B1ol&amp;utm_campaign=NewsletterEspa%C3%B1ol&amp;utm_content=10&amp;#\" >Go to Original \u2013 telesurtv.net<\/a><\/p>\n","protected":false},"excerpt":{"rendered":"<p>La desaprobaci\u00f3n de Michel Temer aument\u00f3 unos nueve puntos desde febrero a la fecha, seg\u00fan sondeo. <\/p>\n","protected":false},"author":4,"featured_media":0,"comment_status":"open","ping_status":"closed","sticky":false,"template":"","format":"standard","meta":{"footnotes":""},"categories":[46],"tags":[],"class_list":["post-75855","post","type-post","status-publish","format-standard","hentry","category-original-languages"],"_links":{"self":[{"href":"https:\/\/www.transcend.org\/tms\/wp-json\/wp\/v2\/posts\/75855","targetHints":{"allow":["GET"]}}],"collection":[{"href":"https:\/\/www.transcend.org\/tms\/wp-json\/wp\/v2\/posts"}],"about":[{"href":"https:\/\/www.transcend.org\/tms\/wp-json\/wp\/v2\/types\/post"}],"author":[{"embeddable":true,"href":"https:\/\/www.transcend.org\/tms\/wp-json\/wp\/v2\/users\/4"}],"replies":[{"embeddable":true,"href":"https:\/\/www.transcend.org\/tms\/wp-json\/wp\/v2\/comments?post=75855"}],"version-history":[{"count":0,"href":"https:\/\/www.transcend.org\/tms\/wp-json\/wp\/v2\/posts\/75855\/revisions"}],"wp:attachment":[{"href":"https:\/\/www.transcend.org\/tms\/wp-json\/wp\/v2\/media?parent=75855"}],"wp:term":[{"taxonomy":"category","embeddable":true,"href":"https:\/\/www.transcend.org\/tms\/wp-json\/wp\/v2\/categories?post=75855"},{"taxonomy":"post_tag","embeddable":true,"href":"https:\/\/www.transcend.org\/tms\/wp-json\/wp\/v2\/tags?post=75855"}],"curies":[{"name":"wp","href":"https:\/\/api.w.org\/{rel}","templated":true}]}}