{"id":80685,"date":"2016-10-03T12:00:50","date_gmt":"2016-10-03T11:00:50","guid":{"rendered":"https:\/\/www.transcend.org\/tms\/?p=80685"},"modified":"2016-10-03T10:43:55","modified_gmt":"2016-10-03T09:43:55","slug":"castellano-bolivia-celebrara-jornada-de-poesia-a-favor-de-la-paz-en-el-mundo","status":"publish","type":"post","link":"https:\/\/www.transcend.org\/tms\/2016\/10\/castellano-bolivia-celebrara-jornada-de-poesia-a-favor-de-la-paz-en-el-mundo\/","title":{"rendered":"(Castellano) Bolivia celebrar\u00e1 jornada de poes\u00eda a favor de la paz en el mundo"},"content":{"rendered":"<p><em>El Movimiento Po\u00e9tico Mundial espera organizar\u00a0actividades similares en 24 pa\u00edses de\u00a0Am\u00e9rica latina.<\/em><\/p>\n<div id=\"attachment_80686\" style=\"width: 510px\" class=\"wp-caption aligncenter\"><a href=\"https:\/\/www.transcend.org\/tms\/wp-content\/uploads\/2016\/10\/writing-poetry-escrevendo-poesia.jpg\" ><img loading=\"lazy\" decoding=\"async\" aria-describedby=\"caption-attachment-80686\" class=\"wp-image-80686\" src=\"https:\/\/www.transcend.org\/tms\/wp-content\/uploads\/2016\/10\/writing-poetry-escrevendo-poesia.jpg\" alt=\"Movimiento Po\u00e9tico Mundial esta convencido que la poes\u00eda tiene el poder de cambiar conciencias | Foto: Aufrecht.de\" width=\"500\" height=\"283\" srcset=\"https:\/\/www.transcend.org\/tms\/wp-content\/uploads\/2016\/10\/writing-poetry-escrevendo-poesia.jpg 600w, https:\/\/www.transcend.org\/tms\/wp-content\/uploads\/2016\/10\/writing-poetry-escrevendo-poesia-300x170.jpg 300w\" sizes=\"auto, (max-width: 500px) 100vw, 500px\" \/><\/a><p id=\"caption-attachment-80686\" class=\"wp-caption-text\">Movimiento Po\u00e9tico Mundial esta convencido que la poes\u00eda tiene el poder de cambiar conciencias | Foto: Aufrecht.de<\/p><\/div>\n<p><em>2 octubre 2016 &#8211; <\/em>Bolivia iniciar\u00e1 el pr\u00f3ximo 5 de octubre\u00a0una\u00a0jornada de poes\u00eda por la paz en el mundo. La iniciativa es organizada por el Movimiento Po\u00e9tico Mundial y se llevar\u00e1 a cabo en la localidad de\u00a0Santa Cruz bajo la direcci\u00f3n del escritor Homero Carvalho Oliva.<\/p>\n<p>La convocatoria para la jornada en Bolivia\u00a0estuvo\u00a0dirigida a poetas\u00a0de todas partes del mundo para realizar lecturas, conciertos, presentaciones de libros, homenajes, exposiciones de artes pl\u00e1sticas, cine o cualquier manifestaci\u00f3n a favor de la paz.<\/p>\n<p>Carvalho afirma que hace a\u00f1os en Bolivia se dan jornadas y lecturas po\u00e9ticas, pero pocas veces se ha organizado una jornada espec\u00edficamente contra la guerra y en favor de la paz.\u00a0\u201cEsperemos que la Acci\u00f3n Po\u00e9tica de Santa Cruz, que es coordinada con el centro cultural Sim\u00f3n I. Pati\u00f1o no sea la \u00fanica y consolidemos alianzas estrat\u00e9gicas con otras ciudades del pa\u00eds para repetir esta experiencia\u201d, dijo.<\/p>\n<p style=\"padding-left: 30px;\"><strong><em>&gt;&gt;\u00a0<\/em><\/strong><strong><em><a target=\"_blank\" href=\"http:\/\/www.telesurtv.net\/news\/Encuentro-Latinoamericano-Progresista-ratifica-apoyo-a-la-paz-en-Colombia-20160930-0070.html\" >Encuentro Latinoamericano Progresista respalda paz en Colombia<\/a><\/em><\/strong><\/p>\n<p>El\u00a0Movimiento Po\u00e9tico Mundial\u00a0realizar\u00e1\u00a0actividades similares en 64 pa\u00edses del mundo con la\u00a0finalidad de\u00a0movilizar a las personas que est\u00e9n convencidas de la necesidad de salvar la vida en la Tierra.<\/p>\n<p><strong>En contexto<\/strong><\/p>\n<p style=\"padding-left: 30px;\">El Movimiento Po\u00e9tico Mundial fue fundado en el a\u00f1o 2011 durante el encuentro mundial de directores de 37 festivales internacionales de poes\u00eda, celebrado en Medell\u00edn, Colombia.<\/p>\n<p style=\"padding-left: 30px;\">El movimiento ha llevado a cabo\u00a0la celebraci\u00f3n de cerca de 210 acciones po\u00e9ticas en 64 naciones contra la guerra nuclear y por la paz en el mundo en durante octubre.<\/p>\n<p style=\"padding-left: 30px;\">Entre los pa\u00edses que integran el movimiento figuran\u00a0Argentina, Barbados, Brasil, Colombia, Canad\u00e1, Chile, Costa Rica, Cuba, Ecuador, El Salvador, Guatemala, Jamaica, M\u00e9xico, Paraguay, Per\u00fa, Puerto Rico, Venezuela, India, Ir\u00e1n, Vietnam, Botswana, Camer\u00fan, Congo, Egipto, Ghana, Guinea, Marruecos, Sud\u00e1frica, Zimbawe, Alemania, Escocia, Espa\u00f1a, Francia, Grecia, Italia, Noruega, Suiza, Ucrania, entre otros.<\/p>\n<p style=\"padding-left: 30px;\"><strong><em>&gt;&gt;<\/em><\/strong><strong><em><a target=\"_blank\" href=\"http:\/\/www.telesurtv.net\/news\/El-mundo-celebra-el-Dia-Internacional-de-la-No-Violencia-20161002-0006.html\" >El mundo celebra el D\u00eda Internacional de la No Violencia<\/a><\/em><\/strong><\/p>\n<p><a target=\"_blank\" href=\"http:\/\/www.telesurtv.net\/news\/Bolivia-celebrara-jornada-de-poesia-a-favor-de-la-paz-en-el-mundo-20161002-0018.html?utm_source=planisys&amp;utm_medium=NewsletterEspa%C3%B1ol&amp;utm_campaign=NewsletterEspa%C3%B1ol&amp;utm_content=27\" >Go to Original \u2013 telesurtv.net<\/a><\/p>\n","protected":false},"excerpt":{"rendered":"<p>El Movimiento Po\u00e9tico Mundial espera organizar actividades similares en 24 pa\u00edses de Am\u00e9rica latina.<\/p>\n","protected":false},"author":4,"featured_media":0,"comment_status":"open","ping_status":"closed","sticky":false,"template":"","format":"standard","meta":{"footnotes":""},"categories":[46],"tags":[],"class_list":["post-80685","post","type-post","status-publish","format-standard","hentry","category-original-languages"],"_links":{"self":[{"href":"https:\/\/www.transcend.org\/tms\/wp-json\/wp\/v2\/posts\/80685","targetHints":{"allow":["GET"]}}],"collection":[{"href":"https:\/\/www.transcend.org\/tms\/wp-json\/wp\/v2\/posts"}],"about":[{"href":"https:\/\/www.transcend.org\/tms\/wp-json\/wp\/v2\/types\/post"}],"author":[{"embeddable":true,"href":"https:\/\/www.transcend.org\/tms\/wp-json\/wp\/v2\/users\/4"}],"replies":[{"embeddable":true,"href":"https:\/\/www.transcend.org\/tms\/wp-json\/wp\/v2\/comments?post=80685"}],"version-history":[{"count":0,"href":"https:\/\/www.transcend.org\/tms\/wp-json\/wp\/v2\/posts\/80685\/revisions"}],"wp:attachment":[{"href":"https:\/\/www.transcend.org\/tms\/wp-json\/wp\/v2\/media?parent=80685"}],"wp:term":[{"taxonomy":"category","embeddable":true,"href":"https:\/\/www.transcend.org\/tms\/wp-json\/wp\/v2\/categories?post=80685"},{"taxonomy":"post_tag","embeddable":true,"href":"https:\/\/www.transcend.org\/tms\/wp-json\/wp\/v2\/tags?post=80685"}],"curies":[{"name":"wp","href":"https:\/\/api.w.org\/{rel}","templated":true}]}}