{"id":85771,"date":"2017-01-23T12:00:12","date_gmt":"2017-01-23T12:00:12","guid":{"rendered":"https:\/\/www.transcend.org\/tms\/?p=85771"},"modified":"2017-01-31T11:19:55","modified_gmt":"2017-01-31T11:19:55","slug":"peace-a-multidimensional-view","status":"publish","type":"post","link":"https:\/\/www.transcend.org\/tms\/2017\/01\/peace-a-multidimensional-view\/","title":{"rendered":"Peace: A  Multidimensional  View"},"content":{"rendered":"<p style=\"padding-left: 30px;\"><em>The multidimensionality of\u00a0Peace is never to cease.<\/em><\/p>\n<p><em>Peace Art<\/em>\u00a0imagines the way<br \/>\n<em>Peace Education<\/em> builds the way<br \/>\n<em>Peace Psychology<\/em> probes the way<br \/>\n<em>Peace Linguistics<\/em>\u00a0means the way<br \/>\n<em>Peace History<\/em> records the way<br \/>\n<em>Peace Right<\/em>\u00a0dignifies the way<br \/>\n<em>Peace Anthropology<\/em> culturizes the way<br \/>\n<em>Peace\u00a0Theology<\/em>\u00a0spiritualizes the way<br \/>\n<em>Peace Ecology<\/em>\u00a0naturalizes the way<br \/>\n<em>Peace Politics<\/em>\u00a0determines the way<br \/>\n<em>Peace Journalism <\/em>questions and presents the way.<\/p>\n<p>May the interaction of all these fields help Humankind to <em>Sustainable Global Peace<\/em> find the wisest way.<br \/>\n_______________________________________<\/p>\n<p style=\"padding-left: 30px;\"><em><a href=\"https:\/\/www.transcend.org\/tms\/wp-content\/uploads\/2016\/12\/francisco-gomes-de-matos.jpeg\" ><img loading=\"lazy\" decoding=\"async\" class=\"alignleft size-full wp-image-84401\" src=\"https:\/\/www.transcend.org\/tms\/wp-content\/uploads\/2016\/12\/francisco-gomes-de-matos.jpeg\" alt=\"\" width=\"64\" height=\"64\" \/><\/a>Francisco Gomes de Matos, Ph.D. is an applied peace linguist from Recife, Brazil. He has degrees in Languages, Law, and Linguistics. He is Professor Emeritus at the Universidade Federal de Pernambuco where he is active in the Dom H\u00e9lder Camara Human Rights Commission. He is one of the pioneers in Linguistic Rights (author of 1984 <\/em>Plea for a Universal Declaration of Linguistic Rights)<em> and in the emerging area of Peace Linguistics. Currently he is President of the Board, Associa\u00e7\u00e3o Brasil Am\u00e9rica (<a href=\"www.abaweb.org\">www.abaweb.org<\/a>). <\/em><em>He can be reached at <a href=\"fcardosogomesdematos@gmail.com\">fcardosogomesdematos@gmail.com<\/a>.<\/em><\/p>\n","protected":false},"excerpt":{"rendered":"<p>Peace Art imagines the way<br \/>\nPeace Education builds the way&#8230;<\/p>\n","protected":false},"author":4,"featured_media":0,"comment_status":"open","ping_status":"closed","sticky":false,"template":"","format":"standard","meta":{"footnotes":""},"categories":[182],"tags":[],"class_list":["post-85771","post","type-post","status-publish","format-standard","hentry","category-poetry-format"],"_links":{"self":[{"href":"https:\/\/www.transcend.org\/tms\/wp-json\/wp\/v2\/posts\/85771","targetHints":{"allow":["GET"]}}],"collection":[{"href":"https:\/\/www.transcend.org\/tms\/wp-json\/wp\/v2\/posts"}],"about":[{"href":"https:\/\/www.transcend.org\/tms\/wp-json\/wp\/v2\/types\/post"}],"author":[{"embeddable":true,"href":"https:\/\/www.transcend.org\/tms\/wp-json\/wp\/v2\/users\/4"}],"replies":[{"embeddable":true,"href":"https:\/\/www.transcend.org\/tms\/wp-json\/wp\/v2\/comments?post=85771"}],"version-history":[{"count":0,"href":"https:\/\/www.transcend.org\/tms\/wp-json\/wp\/v2\/posts\/85771\/revisions"}],"wp:attachment":[{"href":"https:\/\/www.transcend.org\/tms\/wp-json\/wp\/v2\/media?parent=85771"}],"wp:term":[{"taxonomy":"category","embeddable":true,"href":"https:\/\/www.transcend.org\/tms\/wp-json\/wp\/v2\/categories?post=85771"},{"taxonomy":"post_tag","embeddable":true,"href":"https:\/\/www.transcend.org\/tms\/wp-json\/wp\/v2\/tags?post=85771"}],"curies":[{"name":"wp","href":"https:\/\/api.w.org\/{rel}","templated":true}]}}