{"id":86525,"date":"2017-02-06T12:00:49","date_gmt":"2017-02-06T12:00:49","guid":{"rendered":"https:\/\/www.transcend.org\/tms\/?p=86525"},"modified":"2017-02-05T16:42:08","modified_gmt":"2017-02-05T16:42:08","slug":"portugues-experimento-com-vacuo-quantico-para-o-tempo-e-muda-definicao-da-luz","status":"publish","type":"post","link":"https:\/\/www.transcend.org\/tms\/2017\/02\/portugues-experimento-com-vacuo-quantico-para-o-tempo-e-muda-definicao-da-luz\/","title":{"rendered":"(Portugu\u00eas) Experimento com v\u00e1cuo qu\u00e2ntico p\u00e1ra o tempo e muda defini\u00e7\u00e3o da luz"},"content":{"rendered":"<p><div id=\"attachment_86526\" style=\"width: 410px\" class=\"wp-caption aligncenter\"><a href=\"https:\/\/www.transcend.org\/tms\/wp-content\/uploads\/2017\/02\/010130170127-medicao-vacuo-quantico-luz-vacuo.jpg\" ><img loading=\"lazy\" decoding=\"async\" aria-describedby=\"caption-attachment-86526\" class=\"wp-image-86526\" src=\"https:\/\/www.transcend.org\/tms\/wp-content\/uploads\/2017\/02\/010130170127-medicao-vacuo-quantico-luz-vacuo.jpg\" width=\"400\" height=\"385\" srcset=\"https:\/\/www.transcend.org\/tms\/wp-content\/uploads\/2017\/02\/010130170127-medicao-vacuo-quantico-luz-vacuo.jpg 550w, https:\/\/www.transcend.org\/tms\/wp-content\/uploads\/2017\/02\/010130170127-medicao-vacuo-quantico-luz-vacuo-300x289.jpg 300w\" sizes=\"auto, (max-width: 400px) 100vw, 400px\" \/><\/a><p id=\"caption-attachment-86526\" class=\"wp-caption-text\">Esquema das varia\u00e7\u00f5es espa\u00e7o-temporais do n\u00edvel de flutua\u00e7\u00f5es do v\u00e1cuo qu\u00e2ntico. [Imagem: University of Konstanz]<\/p><\/div><strong>Alterar o v\u00e1cuo<\/strong><\/p>\n<p><em>27 Jan 2017 &#8211; <\/em>F\u00edsicos alem\u00e3es deram mais um passo rumo \u00e0 compreens\u00e3o e, mais importante, ao dom\u00ednio do enigm\u00e1tico <a target=\"_blank\" href=\"http:\/\/www.inovacaotecnologica.com.br\/noticias\/noticia.php?artigo=primeira-simulacao-quantica-evento-quantico-real&amp;id=010165160624\" >v\u00e1cuo qu\u00e2ntico<\/a>, que tem-se mostrado muito diferente da no\u00e7\u00e3o de v\u00e1cuo tradicional.<\/p>\n<p>No v\u00e1cuo qu\u00e2ntico, em vez de um &#8220;nada&#8221;, h\u00e1 part\u00edculas emergindo para a exist\u00eancia e rapidamente desaparecendo o tempo todo &#8211; essas <a target=\"_blank\" href=\"http:\/\/www.inovacaotecnologica.com.br\/noticias\/noticia.php?artigo=computacao-quantica-sem-qubis-fotons-tirados-nada&amp;id=010150160909\" >part\u00edculas fugazes podem ser usadas para criar qubits para computadores qu\u00e2nticos<\/a>.<\/p>\n<p>A equipe do professor Alfred Leitenstorfer, um <a target=\"_blank\" href=\"http:\/\/www.inovacaotecnologica.com.br\/noticias\/noticia.php?artigo=recorde-mundial-menor-tempo-ja-medido&amp;id=010130100518\" >especialista em fen\u00f4menos ultrarr\u00e1pidos<\/a>, j\u00e1 havia descoberto como detectar sinais desse &#8220;nada qu\u00e2ntico&#8221;.<\/p>\n<p>Agora, eles descobriram como manipular o estado el\u00e9trico do v\u00e1cuo qu\u00e2ntico, de forma a alterar o estado fundamental do espa\u00e7o vazio &#8211; algo que s\u00f3 pode ser entendido com um bocado de teoria qu\u00e2ntica da luz, j\u00e1 que a coisa \u00e9 algo como &#8220;esvaziar o vazio&#8221;.<\/p>\n<p><strong>Parando o tempo<\/strong><\/p>\n<p>O experimento come\u00e7a com um laser especial, que gera pulsos ultracurtos de luz, que duram apenas alguns femtossegundos, o que significa que seu comprimento de onda \u00e9 mais curto do que a metade do ciclo de luz que a equipe est\u00e1 estudando &#8211; a frequ\u00eancia utilizada fica na faixa do infravermelho m\u00e9dio.<\/p>\n<p>Isso gera uma sensitividade extrema, permitindo a detec\u00e7\u00e3o de flutua\u00e7\u00f5es eletromagn\u00e9ticas mesmo na aus\u00eancia de intensidade da luz, ou seja, na completa escurid\u00e3o.<\/p>\n<p><div id=\"attachment_86527\" style=\"width: 260px\" class=\"wp-caption alignright\"><a href=\"https:\/\/www.transcend.org\/tms\/wp-content\/uploads\/2017\/02\/010130170127-primeiro-simulador-quantico-luz-vacuo.jpg\" ><img loading=\"lazy\" decoding=\"async\" aria-describedby=\"caption-attachment-86527\" class=\"size-full wp-image-86527\" src=\"https:\/\/www.transcend.org\/tms\/wp-content\/uploads\/2017\/02\/010130170127-primeiro-simulador-quantico-luz-vacuo.jpg\" alt=\"\" width=\"250\" height=\"216\" \/><\/a><p id=\"caption-attachment-86527\" class=\"wp-caption-text\">Se tudo parece muito distante, \u00e9 bom saber que j\u00e1 existe um simulador qu\u00e2ntico que detecta a mat\u00e9ria surgindo do v\u00e1cuo.<br \/>[Imagem: IQOQI\/Harald Ritsch]<\/p><\/div>Para isso, em vez de operarem no dom\u00ednio das frequ\u00eancias das ondas de luz, a equipe trabalha no dom\u00ednio do tempo. Em um determinado ponto no tempo, as amplitudes do campo el\u00e9trico s\u00e3o medidas diretamente, em vez de analisar a luz em uma faixa de frequ\u00eancia, como normalmente se faz. Estudando diferentes pontos no tempo produz-se um mapa caracter\u00edstico dos padr\u00f5es do &#8220;ru\u00eddo de fundo&#8221; mais fundamental, permitindo tirar conclus\u00f5es detalhadas sobre o estado qu\u00e2ntico temporal dos f\u00f3tons.<\/p>\n<p>Isto significa que, no momento em que o pulso de laser se propaga junto com o campo qu\u00e2ntico que est\u00e1 sendo estudado, o experimento de certa forma p\u00e1ra o tempo. Em \u00faltima inst\u00e2ncia, tempo e espa\u00e7o &#8211; ou espa\u00e7o-tempo, se voc\u00ea preferir &#8211; se comportam de forma absolutamente equivalente durante um experimento, o que \u00e9 uma indica\u00e7\u00e3o da natureza inerentemente relativ\u00edstica da luz.<\/p>\n<p><strong>Comprimindo o v\u00e1cuo e a luz<\/strong><\/p>\n<p>O que tudo isto representa?<\/p>\n<p>Como esta nova t\u00e9cnica de medi\u00e7\u00e3o n\u00e3o precisa absorver os f\u00f3tons a serem medidos e nem amplific\u00e1-los, \u00e9 poss\u00edvel detectar diretamente o ru\u00eddo de fundo eletromagn\u00e9tico do v\u00e1cuo e, portanto, os desvios controlados desse estado fundamental, desvios estes criados pelos pr\u00f3prios par\u00e2metros do experimento.<\/p>\n<p>&#8220;Podemos analisar estados qu\u00e2nticos sem alter\u00e1-los em uma primeira aproxima\u00e7\u00e3o,&#8221; explica o professor Leitenstorfer, detalhando que isto cria uma t\u00e9cnica radicalmente nova e mais precisa de realizar medi\u00e7\u00f5es qu\u00e2nticas.<\/p>\n<p>Para demonstrar que eles est\u00e3o realmente manipulando o estado fundamental do v\u00e1cuo qu\u00e2ntico, a equipe usou sua t\u00e9cnica para gerar &#8220;<a target=\"_blank\" href=\"http:\/\/www.inovacaotecnologica.com.br\/noticias\/noticia.php?artigo=cientistas-miniaturizaram-luz&amp;id=010165130820\" >luz comprimida<\/a>&#8220;, um estado do campo de radia\u00e7\u00e3o eletromagn\u00e9tica que n\u00e3o pode ser explicado pela f\u00edsica cl\u00e1ssica.<\/p>\n<p><div id=\"attachment_86528\" style=\"width: 260px\" class=\"wp-caption alignleft\"><a href=\"https:\/\/www.transcend.org\/tms\/wp-content\/uploads\/2017\/02\/010130170127-seta-do-tempo-quantica-luz-vacuo.jpg\" ><img loading=\"lazy\" decoding=\"async\" aria-describedby=\"caption-attachment-86528\" class=\"size-full wp-image-86528\" src=\"https:\/\/www.transcend.org\/tms\/wp-content\/uploads\/2017\/02\/010130170127-seta-do-tempo-quantica-luz-vacuo.jpg\" alt=\"\" width=\"250\" height=\"177\" \/><\/a><p id=\"caption-attachment-86528\" class=\"wp-caption-text\">Outro fen\u00f4meno intimamente ligado \u00e9 a chamada seta do tempo, que explica porque as coisas n\u00e3o d\u00e3o marcha-a-r\u00e9 no Universo.<br \/>[Imagem: APS\/Alan Stonebraker]<\/p><\/div>Um pulso intenso do laser de femtossegundos altera a velocidade da luz em um determinado segmento do espa\u00e7o-tempo. Esta modula\u00e7\u00e3o local da velocidade de propaga\u00e7\u00e3o &#8220;espreme&#8221; o campo do v\u00e1cuo &#8211; sim, \u00e9 poss\u00edvel <a target=\"_blank\" href=\"http:\/\/www.inovacaotecnologica.com.br\/noticias\/noticia.php?artigo=fisicos-capturam-e-armazenam-o--nada-&amp;id=010130080313\" >comprimir o v\u00e1cuo qu\u00e2ntico<\/a> -, o que equivale a uma redistribui\u00e7\u00e3o das flutua\u00e7\u00f5es do v\u00e1cuo. Como a frente de onda da luz em alguns pontos fica mais lenta para acompanhar o v\u00e1cuo, tudo o que vem atr\u00e1s precisa tamb\u00e9m andar mais devagar, como em um congestionamento na estrada, criando pulsos de luz mais curtos &#8211; a chamada luz comprimida.<\/p>\n<p><strong>Defini\u00e7\u00e3o de f\u00f3ton<\/strong><\/p>\n<p>Enquanto as amplitudes de flutua\u00e7\u00e3o se desviam positivamente do ru\u00eddo de v\u00e1cuo em uma velocidade temporariamente crescente da luz, quando ocorre uma desacelera\u00e7\u00e3o, como neste experimento, gera-se um fen\u00f4meno surpreendente: o n\u00edvel de ru\u00eddo medido \u00e9 menor do que no estado de v\u00e1cuo.<\/p>\n<p>Ou seja, gera-se uma redu\u00e7\u00e3o do estado fundamental do espa\u00e7o vazio, algo como um v\u00e1cuo &#8220;mais vazio&#8221; &#8211; ou menos energizado &#8211; do que o v\u00e1cuo. Tudo qu\u00e2ntico, bem entendido.<\/p>\n<p>E, tudo isto junto, coloca em quest\u00e3o a pr\u00f3pria defini\u00e7\u00e3o do que \u00e9 a luz, ou o f\u00f3ton, a menor &#8220;part\u00edcula&#8221; de luz. Com base nestes resultados, em lugar de ser um pacote quantizado de energia, um f\u00f3ton nada mais \u00e9 do que uma medida das flutua\u00e7\u00f5es qu\u00e2nticas locais do campo eletromagn\u00e9tico no espa\u00e7o-tempo.<\/p>\n<p><strong>Bibliografia:<\/strong><\/p>\n<p><em>Subcycle Quantum Electrodynamics<\/em><br \/>\nC. Riek, P. Sulzer, M. Seeger, A. S. Moskalenko, G. Burkard, D. V. Seletskiy, A. Leitenstorfer<br \/>\nNature<br \/>\nVol.: 541, 376-379<br \/>\nDOI: 10.1038\/nature21024<\/p>\n<p><a target=\"_blank\" href=\"http:\/\/www.inovacaotecnologica.com.br\/noticias\/noticia.php?artigo=experimento-vacuo-quantico-tempo-muda-definicao-luz&amp;id=010130170127\" >Go to Original \u2013 inovacaotecnologica.com.br<\/a><\/p>\n","protected":false},"excerpt":{"rendered":"<p>O experimento coloca em quest\u00e3o a pr\u00f3pria defini\u00e7\u00e3o do que \u00e9 a luz, ou o f\u00f3ton, a menor &#8220;part\u00edcula&#8221; de luz.<\/p>\n","protected":false},"author":4,"featured_media":0,"comment_status":"open","ping_status":"closed","sticky":false,"template":"","format":"standard","meta":{"footnotes":""},"categories":[46],"tags":[],"class_list":["post-86525","post","type-post","status-publish","format-standard","hentry","category-original-languages"],"_links":{"self":[{"href":"https:\/\/www.transcend.org\/tms\/wp-json\/wp\/v2\/posts\/86525","targetHints":{"allow":["GET"]}}],"collection":[{"href":"https:\/\/www.transcend.org\/tms\/wp-json\/wp\/v2\/posts"}],"about":[{"href":"https:\/\/www.transcend.org\/tms\/wp-json\/wp\/v2\/types\/post"}],"author":[{"embeddable":true,"href":"https:\/\/www.transcend.org\/tms\/wp-json\/wp\/v2\/users\/4"}],"replies":[{"embeddable":true,"href":"https:\/\/www.transcend.org\/tms\/wp-json\/wp\/v2\/comments?post=86525"}],"version-history":[{"count":0,"href":"https:\/\/www.transcend.org\/tms\/wp-json\/wp\/v2\/posts\/86525\/revisions"}],"wp:attachment":[{"href":"https:\/\/www.transcend.org\/tms\/wp-json\/wp\/v2\/media?parent=86525"}],"wp:term":[{"taxonomy":"category","embeddable":true,"href":"https:\/\/www.transcend.org\/tms\/wp-json\/wp\/v2\/categories?post=86525"},{"taxonomy":"post_tag","embeddable":true,"href":"https:\/\/www.transcend.org\/tms\/wp-json\/wp\/v2\/tags?post=86525"}],"curies":[{"name":"wp","href":"https:\/\/api.w.org\/{rel}","templated":true}]}}