{"id":87804,"date":"2017-03-06T12:01:03","date_gmt":"2017-03-06T12:01:03","guid":{"rendered":"https:\/\/www.transcend.org\/tms\/?p=87804"},"modified":"2017-03-01T15:27:09","modified_gmt":"2017-03-01T15:27:09","slug":"portugues-consumo-do-comprimido-da-inteligencia-aumentou-mais-de-77-em-quatro-anos","status":"publish","type":"post","link":"https:\/\/www.transcend.org\/tms\/2017\/03\/portugues-consumo-do-comprimido-da-inteligencia-aumentou-mais-de-77-em-quatro-anos\/","title":{"rendered":"(Portugu\u00eas) Consumo de Ritalina, o \u201ccomprimido da intelig\u00eancia,\u201d aumentou mais de 77% em quatro anos"},"content":{"rendered":"<p style=\"padding-left: 30px;\"><em>Especialistas preocupados com as consequ\u00eancias para a sa\u00fade p\u00fablica da medica\u00e7\u00e3o que combate d\u00e9fice de aten\u00e7\u00e3o.<\/em><\/p>\n<p><a href=\"https:\/\/www.transcend.org\/tms\/wp-content\/uploads\/2017\/03\/alunos-escolas-1.jpg\" ><img loading=\"lazy\" decoding=\"async\" class=\"aligncenter wp-image-87805\" src=\"https:\/\/www.transcend.org\/tms\/wp-content\/uploads\/2017\/03\/alunos-escolas-1.jpg\" width=\"600\" height=\"375\" srcset=\"https:\/\/www.transcend.org\/tms\/wp-content\/uploads\/2017\/03\/alunos-escolas-1.jpg 960w, https:\/\/www.transcend.org\/tms\/wp-content\/uploads\/2017\/03\/alunos-escolas-1-300x188.jpg 300w, https:\/\/www.transcend.org\/tms\/wp-content\/uploads\/2017\/03\/alunos-escolas-1-768x480.jpg 768w\" sizes=\"auto, (max-width: 600px) 100vw, 600px\" \/><\/a><\/p>\n<p><em>25 Fev 2017 &#8211; <\/em>Entre 2011 e 2015 aumentou mais de 77% o consumo de metilfenidato pelas crian\u00e7as portuguesas, a subst\u00e2ncia mais conhecida por Ritalina. Um estudo do Infarmed, a que a RTP teve acesso, mostra que o consumo deste medicamento \u00e9 agora de 7 milh\u00f5es de comprimidos por dia.<\/p>\n<p>A banaliza\u00e7\u00e3o do uso de metilfenidato, indicado para tratamento de problemas de concentra\u00e7\u00e3o, hiperactividade e deficit de aten\u00e7\u00e3o infantil (PHDA), est\u00e1 a preocupar psiquiatras e psic\u00f3logos. Isto porque o medicamento tem estado a ser usado para melhorar os resultados escolares das crian\u00e7as. H\u00e1 at\u00e9 quem j\u00e1 lhe chame o \u201ccomprimido da intelig\u00eancia\u201d.<\/p>\n<p>\u201c\u00c9 um n\u00famero monstruoso. Portugal tem 10 milh\u00f5es de habitantes. E estamos a falar de crian\u00e7as. E num per\u00edodo em que o n\u00famero de crian\u00e7as em Portugal at\u00e9 \u00e9 mais reduzido do que seria desej\u00e1vel e do que era tradicional\u201d, alerta o respons\u00e1vel pelo Programa Nacional para a Sa\u00fade Mental, \u00c1lvaro Carvalho, citado pelo canal p\u00fablico.<\/p>\n<p>Quase 30% dos consumidores de Ritalina s\u00e3o crian\u00e7as at\u00e9 aos 9 anos. A utiliza\u00e7\u00e3o por adultos \u00e9 marginal: 7%.<\/p>\n<p><a target=\"_blank\" href=\"http:\/\/www.jornaleconomico.sapo.pt\/noticias\/consumo-do-comprimido-da-inteligencia-aumentou-mais-de-77-em-quatro-anos-126914\" >Go to Original \u2013 jornaleconomico.sapo.pt<\/a><\/p>\n","protected":false},"excerpt":{"rendered":"<p>Especialistas preocupados com as consequ\u00eancias para a sa\u00fade p\u00fablica da medica\u00e7\u00e3o que combate d\u00e9fice de aten\u00e7\u00e3o. A banaliza\u00e7\u00e3o do uso de metilfenidato, indicado para tratamento de problemas de concentra\u00e7\u00e3o, hiperactividade e deficit de aten\u00e7\u00e3o infantil, est\u00e1 a preocupar psiquiatras e psic\u00f3logos.<\/p>\n","protected":false},"author":4,"featured_media":0,"comment_status":"open","ping_status":"closed","sticky":false,"template":"","format":"standard","meta":{"footnotes":""},"categories":[46],"tags":[],"class_list":["post-87804","post","type-post","status-publish","format-standard","hentry","category-original-languages"],"_links":{"self":[{"href":"https:\/\/www.transcend.org\/tms\/wp-json\/wp\/v2\/posts\/87804","targetHints":{"allow":["GET"]}}],"collection":[{"href":"https:\/\/www.transcend.org\/tms\/wp-json\/wp\/v2\/posts"}],"about":[{"href":"https:\/\/www.transcend.org\/tms\/wp-json\/wp\/v2\/types\/post"}],"author":[{"embeddable":true,"href":"https:\/\/www.transcend.org\/tms\/wp-json\/wp\/v2\/users\/4"}],"replies":[{"embeddable":true,"href":"https:\/\/www.transcend.org\/tms\/wp-json\/wp\/v2\/comments?post=87804"}],"version-history":[{"count":0,"href":"https:\/\/www.transcend.org\/tms\/wp-json\/wp\/v2\/posts\/87804\/revisions"}],"wp:attachment":[{"href":"https:\/\/www.transcend.org\/tms\/wp-json\/wp\/v2\/media?parent=87804"}],"wp:term":[{"taxonomy":"category","embeddable":true,"href":"https:\/\/www.transcend.org\/tms\/wp-json\/wp\/v2\/categories?post=87804"},{"taxonomy":"post_tag","embeddable":true,"href":"https:\/\/www.transcend.org\/tms\/wp-json\/wp\/v2\/tags?post=87804"}],"curies":[{"name":"wp","href":"https:\/\/api.w.org\/{rel}","templated":true}]}}