{"id":91453,"date":"2017-05-01T12:01:46","date_gmt":"2017-05-01T11:01:46","guid":{"rendered":"https:\/\/www.transcend.org\/tms\/?p=91453"},"modified":"2017-04-29T16:29:02","modified_gmt":"2017-04-29T15:29:02","slug":"portugues-consumo-de-refrigerantes-diet-aumenta-risco-de-demencia-e-avc","status":"publish","type":"post","link":"https:\/\/www.transcend.org\/tms\/2017\/05\/portugues-consumo-de-refrigerantes-diet-aumenta-risco-de-demencia-e-avc\/","title":{"rendered":"(Portugu\u00eas) Consumo de refrigerantes diet aumenta risco de dem\u00eancia e AVC"},"content":{"rendered":"<p style=\"padding-left: 30px;\"><em>Bebidas adocicadas artificialmente, como o refrigerante diet, podem aumentar o risco de acidente vascular cerebral e dem\u00eancia, revela uma investiga\u00e7\u00e3o da Universidade de Boston, publicada na revista cient\u00edfica americana <\/em>Stroke<em>. <\/em><\/p>\n<p><a href=\"https:\/\/www.transcend.org\/tms\/wp-content\/uploads\/2017\/04\/refrigerante-soft-drink-coca.jpeg\" ><img loading=\"lazy\" decoding=\"async\" class=\"aligncenter wp-image-91454\" src=\"https:\/\/www.transcend.org\/tms\/wp-content\/uploads\/2017\/04\/refrigerante-soft-drink-coca.jpeg\" alt=\"\" width=\"700\" height=\"350\" srcset=\"https:\/\/www.transcend.org\/tms\/wp-content\/uploads\/2017\/04\/refrigerante-soft-drink-coca.jpeg 900w, https:\/\/www.transcend.org\/tms\/wp-content\/uploads\/2017\/04\/refrigerante-soft-drink-coca-300x150.jpeg 300w, https:\/\/www.transcend.org\/tms\/wp-content\/uploads\/2017\/04\/refrigerante-soft-drink-coca-768x384.jpeg 768w\" sizes=\"auto, (max-width: 700px) 100vw, 700px\" \/><\/a><\/p>\n<p><em>24 abril 2017 &#8211; <\/em>Tomar pelo menos uma lata de refrigerante diet por dia aumenta tr\u00eas vezes o\u00a0risco de sofrer um acidente vascular cerebral ou desenvolver dem\u00eancia.<\/p>\n<p>O estudo ressalta ainda que a vers\u00e3o &#8220;normal&#8221; das bebidas, ado\u00e7adas com a\u00e7\u00facar, n\u00e3o est\u00e1 associada ao risco de desenvolver nenhuma das duas\u00a0condi\u00e7\u00f5es, contrariando estudos preliminares.<\/p>\n<p>&#8220;N\u00e3o foi uma surpresa descobrir que a ingest\u00e3o de refrigerante diet est\u00e1 associada a um maior risco de acidente vascular cerebral e dem\u00eancia. O que me surpreendeu foi que a ingest\u00e3o de bebidas adocicadas com a\u00e7\u00facar n\u00e3o est\u00e1 associada a esses riscos, porque as bebidas com a\u00e7\u00facar s\u00e3o conhecidas por n\u00e3o serem saud\u00e1veis&#8221;, disse Matthew Pase, coordenador do estudo em entrevista \u00e0 <em>CNN<\/em>.<\/p>\n<p>Os investigadores admitem, no entanto, que n\u00e3o conseguiram provar uma rela\u00e7\u00e3o direta de causa e efeito entre a ingest\u00e3o de bebidas com ado\u00e7ante artificial e o aumento do risco de AVC e dem\u00eancia. Segundo eles, trata-se apenas de uma associa\u00e7\u00e3o, j\u00e1 que o estudo est\u00e1 baseado\u00a0em observa\u00e7\u00f5es e dados recolhidos atrav\u00e9s de um\u00a0question\u00e1rio sobre h\u00e1bitos alimentares.<\/p>\n<p>Segundo a <em>BBC<\/em>, o estudo teve como fonte dados de 4 mil pessoas que participaram no estudo\u00a0&#8220;Framingham Heart Study&#8221;, um projeto da Universidade de Boston.<\/p>\n<p><a target=\"_blank\" href=\"http:\/\/lifestyle.sapo.pt\/saude\/noticias-saude\/artigos\/consumo-de-refrigerantes-diet-aumenta-risco-de-demencia-e-avc\" >Go to Original \u2013 sapo.pt<\/a><\/p>\n","protected":false},"excerpt":{"rendered":"<p>Bebidas adocicadas artificialmente, como o refrigerante diet, podem aumentar o risco de acidente vascular cerebral e dem\u00eancia, revela uma investiga\u00e7\u00e3o da Universidade de Boston, publicada na revista cient\u00edfica americana Stroke. <\/p>\n","protected":false},"author":4,"featured_media":0,"comment_status":"open","ping_status":"closed","sticky":false,"template":"","format":"standard","meta":{"footnotes":""},"categories":[46],"tags":[],"class_list":["post-91453","post","type-post","status-publish","format-standard","hentry","category-original-languages"],"_links":{"self":[{"href":"https:\/\/www.transcend.org\/tms\/wp-json\/wp\/v2\/posts\/91453","targetHints":{"allow":["GET"]}}],"collection":[{"href":"https:\/\/www.transcend.org\/tms\/wp-json\/wp\/v2\/posts"}],"about":[{"href":"https:\/\/www.transcend.org\/tms\/wp-json\/wp\/v2\/types\/post"}],"author":[{"embeddable":true,"href":"https:\/\/www.transcend.org\/tms\/wp-json\/wp\/v2\/users\/4"}],"replies":[{"embeddable":true,"href":"https:\/\/www.transcend.org\/tms\/wp-json\/wp\/v2\/comments?post=91453"}],"version-history":[{"count":0,"href":"https:\/\/www.transcend.org\/tms\/wp-json\/wp\/v2\/posts\/91453\/revisions"}],"wp:attachment":[{"href":"https:\/\/www.transcend.org\/tms\/wp-json\/wp\/v2\/media?parent=91453"}],"wp:term":[{"taxonomy":"category","embeddable":true,"href":"https:\/\/www.transcend.org\/tms\/wp-json\/wp\/v2\/categories?post=91453"},{"taxonomy":"post_tag","embeddable":true,"href":"https:\/\/www.transcend.org\/tms\/wp-json\/wp\/v2\/tags?post=91453"}],"curies":[{"name":"wp","href":"https:\/\/api.w.org\/{rel}","templated":true}]}}