{"id":91565,"date":"2017-05-01T12:01:42","date_gmt":"2017-05-01T11:01:42","guid":{"rendered":"https:\/\/www.transcend.org\/tms\/?p=91565"},"modified":"2017-04-29T16:28:34","modified_gmt":"2017-04-29T15:28:34","slug":"castellanto-colaboracion-internacional-para-poner-fin-a-la-violencia","status":"publish","type":"post","link":"https:\/\/www.transcend.org\/tms\/2017\/05\/castellanto-colaboracion-internacional-para-poner-fin-a-la-violencia\/","title":{"rendered":"(Castellanto) Colaboraci\u00f3n internacional para poner fin a la violencia"},"content":{"rendered":"<p>Mientras gran parte del mundo est\u00e1 envuelto en violencia de uno u otro tipo (ya sea violencia en el hogar o en la calle, explotaci\u00f3n, destrucci\u00f3n ecol\u00f3gica o la guerra), una red global de individuos y organizaciones se han comprometido a ponerle fin a la violencia en todas sus manifestaciones.<\/p>\n<p>Con signatarios individuales en 100 pa\u00edses [+ Venezuela desde hoy] y respaldo de organizaciones en 35 naciones, cada uno de estos individuos y organizaciones trabajan en su localidad con una o m\u00e1s manifestaciones de violencia y algunas de las organizaciones y redes tienen un alcance nacional y aun internacional considerable. Sin embargo, como podemos entender, hay mucho por hacer y la red del Estatuto contin\u00faa expandi\u00e9ndose a medida que m\u00e1s personas y organizaciones son motivadas a unirse a este esfuerzo compartido.<\/p>\n<p>Aqu\u00ed est\u00e1 un esquema de lo que hacen algunos de estos signatarios individuales del <a target=\"_blank\" href=\"https:\/\/thepeoplesnonviolencecharter.wordpress.com\/\" >\u2018Estatuto Popular para Crear un Mundo No Violento\u2019<\/a>. Eres bienvenid@ a unirte a ellos.<\/p>\n<p>La profesora Manijeh Navidnia naci\u00f3 en Teher\u00e1n, Ir\u00e1n, donde asisti\u00f3 a la escuela y la universidad. Se cas\u00f3 en 1982 y tuvo su primer hijo en 1985. Sus intereses originales de investigaci\u00f3n eran en ciencias sociales y sociolog\u00eda, pero despu\u00e9s de colaborar con la Universidad Isl\u00e1mica Azad, se interes\u00f3 en estudios estrat\u00e9gicos y desde entonces la mayor parte de su trabajo de investigaci\u00f3n y publicaciones se han centrado en la seguridad. Su primer libro en 2009 se centr\u00f3 especialmente en la &#8220;seguridad social&#8221; y sus compromisos pol\u00edticos est\u00e1n dirigidos a mejorar la cooperaci\u00f3n internacional entre las culturas.<\/p>\n<p>Mahad Wasuge es una figura clave en el Heritage Institute for Policy Studies en Somalia. Recientemente, el Instituto public\u00f3 un impactante informe sobre <a target=\"_blank\" href=\"http:\/\/www.heritageinstitute.org\/wp-content\/uploads\/2017\/04\/Somalia\u2019s-Drought-Induced-Crises-Immediate-Action-and-Change-of-Strategy-Needed.pdf\" >&#8220;Crisis inducidas por la sequ\u00eda en Somalia: acci\u00f3n inmediata y cambio de estrategia necesarios&#8221;<\/a> en respuesta a la actual sequ\u00eda en Somalia que amenaza a millones de personas.<\/p>\n<p>&#8220;La sequ\u00eda actual en Somalia \u2013 en idioma somal\u00ed: \u201csima\u201d, que significa el nivelador, generalizado o extendido; ha envuelto a todo el pa\u00eds. Si la lluvia no llega a mediados de abril, y si no se monta r\u00e1pidamente una campa\u00f1a humanitaria masiva, la sequ\u00eda podr\u00eda transformarse en una hambruna insidiosa que podr\u00eda devastar el pa\u00eds: cientos de miles de hombres, mujeres y ni\u00f1os vulnerables podr\u00edan morir de hambre. Lamentablemente, a pesar de que la concienciaci\u00f3n sobre el sufrimiento actual y el hambre potencial ha sido alta, &#8220;la respuesta de la comunidad internacional y la estrategia de mitigaci\u00f3n para Somalia ha sido totalmente inadecuada. &#8220;Aunque organismos de las Naciones Unidas recaudaron m\u00e1s de 300 millones de d\u00f3lares, la mayor\u00eda de la poblaci\u00f3n del pa\u00eds no satisface sus necesidades b\u00e1sicas. &#8220;Muchas comunidades pastorales tambi\u00e9n han perdido el 80 por ciento de su ganado, escalando su vulnerabilidad a un nivel alarmante y peligroso&#8221;.<\/p>\n<p>Ruth Phillips es la figura central en la iniciativa de crear &#8220;un pueblo ecol\u00f3gico&#8221;, de viviendas compartidas aqu\u00ed, en un, castillo restaurado del siglo 17 en la Francia rural. La propiedad se encuentra en el coraz\u00f3n de unas 12 hect\u00e1reas de parques y bosques en medio de una naturaleza tranquila, verde, rodeado de colinas, monta\u00f1as, bosques y lagos. Est\u00e1 situado en el este de la Dordo\u00f1a, una de las regiones m\u00e1s pr\u00edstinas de Francia &#8216;. Ellos tienen permiso para crear una aldea de permacultura alrededor del castillo para uso residencial y \/ o vacacional, con 23 casas mezcladas en el paisaje natural e hist\u00f3rico. Los planes incluyen el centro del castillo que ofrece educaci\u00f3n, ocio y actividades culturales para residentes y visitantes; un peque\u00f1o restaurante; un taller multifuncional; piscina; sauna y un espacio comunitario, as\u00ed como grandes parcelas individuales de jard\u00edn y el acceso a hect\u00e1reas de bosques y campos en la propiedad. El sitio pretende ser una vitrina para la permacultura y la vida sostenible. \u00bfDemasiado bueno para ser verdad? Dale un vistazo a la p\u00e1gina web de <a target=\"_blank\" href=\"http:\/\/www.eco-chateau.com\/eco-house.htm\" >Ecochateau<\/a> y env\u00edale un correo electr\u00f3nico a Ruth si quieres ir all\u00e1 para quedarte un tiempo y ayudar a que su visi\u00f3n sea una realidad m\u00e1s completa.<\/p>\n<p>El erudito y activista birmano, Dr. Maung Zarni, ha sido infatigable en sus esfuerzos por concienciar sobre el asalto genocida del gobierno contra la poblaci\u00f3n musulmana de Rohingya en Birmania. Tampoco ha evadido llamar la atenci\u00f3n sobre la complicidad del icono de la democracia Aung San Suu Kyi en este asalto genocida. Si bien ha escrito muchos art\u00edculos sobre el tema, este video de dos minutos [en ingl\u00e9s] te dar\u00e1 una idea m\u00e1s clara de Zarni, el compasivo erudito\/activista. <a target=\"_blank\" href=\"https:\/\/www.youtube.com\/watch?v=zwmNpmszN9w&amp;feature=youtu.be\" >&#8216;M\u00faltiples negaciones de los atroces cr\u00edmenes de Myanmar contra los Rohingyas impiden una resoluci\u00f3n pac\u00edfica&#8217;<\/a> Para m\u00e1s informaci\u00f3n, echa un vistazo a la p\u00e1gina <a target=\"_blank\" href=\"http:\/\/www.maungzarni.net\/\" >web<\/a> de Zarni.<\/p>\n<p>En una de sus <a target=\"_blank\" href=\"https:\/\/www.youtube.com\/watch?v=nO20TBCU51c\" >charlas p\u00fablicas<\/a>, Kathleen Macferran plante\u00f3 la pregunta &#8216;\u00bfEstamos realmente m\u00e1s seguros cuando ponemos tras las rejas y olvidamos a los que da\u00f1an a los dem\u00e1s?&#8217;<\/p>\n<p>Ella explora la idea de &#8220;convertir las prisiones en casas de curaci\u00f3n y crear conexiones que lleven a una seguridad mayor &#8220;al reintegrar en las comunidades, como pacificadores, a hombres y mujeres actualmente privados de libertad.<\/p>\n<p>Greg Kleven es un estadounidense de 68 a\u00f1os de edad que vive y ense\u00f1a ingl\u00e9s en Viet Nam. \u00c9l ten\u00eda 18 a\u00f1os cuando fue a Vietnam como soldado en 1967 &#8216;yo cre\u00ed que lo que hac\u00eda era correcto, pero despu\u00e9s de unos meses en el pa\u00eds me di cuenta de que hab\u00eda cometido un error enorme. La guerra estaba mal y nunca deb\u00ed haber participado\u2019. Despu\u00e9s de regresar a casa tuvo dificultades para adaptarse de nuevo a la sociedad. &#8220;No pod\u00eda sacar la guerra de mi mente&#8221;. En 1988 volvi\u00f3 a Vietnam como turista y se dio cuenta de que ten\u00eda una oportunidad de &#8220;compensar lo que hab\u00eda hecho&#8221;. Durante los dos a\u00f1os siguientes ayud\u00f3 a organizar &#8216;viajes de regreso para veteranos que quer\u00edan regresar y ver a Viet Nam como un pa\u00eds, no como una guerra&#8217;. En 1990 comenz\u00f3 a ense\u00f1ar ingl\u00e9s en Ho Chi Minh City y desde entonces lo hace. Greg comparte la pasi\u00f3n de &#8216;alg\u00fan d\u00eda poner fin a todas las guerras y la violencia en el mundo&#8217;.<\/p>\n<p>El profesor de An\u00e1lisis Matem\u00e1tico, Tarcisio Praciano-Pereira, informa desde Brasil que \u00e9l est\u00e1 personalmente bien, pero que \u00a1vivir en Brasil es muy malo! Tengo 73 a\u00f1os y sufr\u00ed la dictadura de 1964 cuando fui forzado al exilio. As\u00ed que tengo una imagen muy clara de lo que pasa aqu\u00ed y esto no me hace bien porque conozco claramente los peligros que estamos enfrentando. Mi vida ha cambiado por completo, mi producci\u00f3n intelectual se ha reducido porque estoy todo el tiempo en la lucha. \u00a1Tengo mucho miedo! Y yo ya no soy un muchacho, como en 1964.<\/p>\n<p>&#8220;\u00c9l aconsej\u00f3 la muerte de un juez de la Corte Suprema, quien supervisaba una investigaci\u00f3n de corrupci\u00f3n masiva en la petrolera estatal Petrobras, contra la voluntad de los \u2018organizadores del golpe\u2019 y del medio conservador Globo. Est\u00e1 claro que no puede ser desestimada la posibilidad de delito en esta muerte. Ahora est\u00e1n tratando de reemplazar al juez muerto por el Ministro de Justicia, que no es m\u00e1s que un delincuente. Por favor tomen una posici\u00f3n contra esto si pueden.\u00a1Amigo, el miedo es la imagen correcta,! \u00a1S\u00ed, Fora Temer! Fuera Temer, el traidor!&#8221;<\/p>\n<p>Para terminar con la violencia humana, es necesario tener valor, por no decir dureza y determinaci\u00f3n, a menudo en circunstancias muy dif\u00edciles.<\/p>\n<p>Por eso, puede que seas esc\u00e9ptico sobre las perspectivas de lograrlo.<\/p>\n<p>Pero si quieres unirte a las personas de arriba y trabajar para crear un mundo en el que la paz, la justicia y la sostenibilidad ecol\u00f3gica en prevalezcan en la Tierra para toda la vida, puedes hacerlo firmando el compromiso en l\u00ednea del <a target=\"_blank\" href=\"https:\/\/thepeoplesnonviolencecharter.wordpress.com\/\" >\u2018Estatuto Popular para Crear un Mundo No Violento\u2019<\/a> y participando en el <a target=\"_blank\" href=\"http:\/\/tinyurl.com\/flametree\" >Proyecto El \u00c1rbol Flam\u00edgero [&#8216;The Flame Tree Project] para salvar la vida en la Tierra<\/a>.<\/p>\n<p>\u00bfPodremos hacerlo? Si no lo intentamos, nunca lo sabremos. Y un d\u00eda, de acuerdo con algunos cient\u00edficos del clima (y asumiendo que podemos evitar la guerra nuclear mientras tanto), el Homo sapiens sapiens entrar\u00e1 en el registro f\u00f3sil de la Tierra sin ni siquiera haber hecho un esfuerzo concertado para evitarlo.<\/p>\n<p>______________________________________<\/p>\n<p style=\"padding-left: 30px;\"><a href=\"https:\/\/www.transcend.org\/tms\/wp-content\/uploads\/2016\/07\/Robert-J.-Burrowes1.png\" ><img loading=\"lazy\" decoding=\"async\" class=\"alignleft size-full wp-image-76959\" src=\"https:\/\/www.transcend.org\/tms\/wp-content\/uploads\/2016\/07\/Robert-J.-Burrowes1.png\" alt=\"\" width=\"137\" height=\"212\" \/><\/a><em>Robert Burrowes, Ph.D. es miembro de la<\/em> <a href=\"https:\/\/www.transcend.org\/\" >Red TRANSCEND para la Paz, el Desarrollo y el Medio Ambiente<\/a> <em>y tiene un compromiso de vida para entender y poner fin a la violencia humana. Se ha realizado una amplia investigaci\u00f3n desde 1966 en un esfuerzo para entender por qu\u00e9 los seres humanos son violentos y ha sido un activista por la noviolencia desde 1981. Es autor de<\/em> <a target=\"_blank\" href=\"http:\/\/tinyurl.com\/whyviolence\" >Why Violence?<\/a><em> Websites: (<a target=\"_blank\" href=\"http:\/\/thepeoplesnonviolencecharter.wordpress.com\" >Charter<\/a>)\u00a0 (<a target=\"_blank\" href=\"http:\/\/tinyurl.com\/flametree\" >Flame Tree Project<\/a>)\u00a0 (<a target=\"_blank\" href=\"http:\/\/anitamckone.wordpress.com\" >Songs of Nonviolence<\/a>) (<\/em><a target=\"_blank\" href=\"https:\/\/nonviolentstrategy.wordpress.com\/\" >Nonviolent Campaign Strategy<\/a>) (<a target=\"_blank\" href=\"https:\/\/nonviolentliberationstrategy.wordpress.com\/\" >Nonviolent Defense\/Liberation Strategy<\/a>) <em>(<a target=\"_blank\" href=\"https:\/\/robertjburrowes.wordpress.com\/\" >http:\/\/robertjburrowes.wordpress.com<\/a>) \u00a0Email: <a href=\"mailto:flametree@riseup.net\">flametree@riseup.net<\/a><\/em><\/p>\n<p><em>Traducci\u00f3n: Antonio G. Rodero<\/em><\/p>\n","protected":false},"excerpt":{"rendered":"<p>Mientras gran parte del mundo est\u00e1 envuelto en violencia de uno u otro tipo (ya sea violencia en el hogar o en la calle, explotaci\u00f3n, destrucci\u00f3n ecol\u00f3gica o la guerra), una red global de individuos y organizaciones se han comprometido a ponerle fin a la violencia en todas sus manifestaciones.<\/p>\n","protected":false},"author":4,"featured_media":0,"comment_status":"open","ping_status":"closed","sticky":false,"template":"","format":"standard","meta":{"footnotes":""},"categories":[46],"tags":[],"class_list":["post-91565","post","type-post","status-publish","format-standard","hentry","category-original-languages"],"_links":{"self":[{"href":"https:\/\/www.transcend.org\/tms\/wp-json\/wp\/v2\/posts\/91565","targetHints":{"allow":["GET"]}}],"collection":[{"href":"https:\/\/www.transcend.org\/tms\/wp-json\/wp\/v2\/posts"}],"about":[{"href":"https:\/\/www.transcend.org\/tms\/wp-json\/wp\/v2\/types\/post"}],"author":[{"embeddable":true,"href":"https:\/\/www.transcend.org\/tms\/wp-json\/wp\/v2\/users\/4"}],"replies":[{"embeddable":true,"href":"https:\/\/www.transcend.org\/tms\/wp-json\/wp\/v2\/comments?post=91565"}],"version-history":[{"count":0,"href":"https:\/\/www.transcend.org\/tms\/wp-json\/wp\/v2\/posts\/91565\/revisions"}],"wp:attachment":[{"href":"https:\/\/www.transcend.org\/tms\/wp-json\/wp\/v2\/media?parent=91565"}],"wp:term":[{"taxonomy":"category","embeddable":true,"href":"https:\/\/www.transcend.org\/tms\/wp-json\/wp\/v2\/categories?post=91565"},{"taxonomy":"post_tag","embeddable":true,"href":"https:\/\/www.transcend.org\/tms\/wp-json\/wp\/v2\/tags?post=91565"}],"curies":[{"name":"wp","href":"https:\/\/api.w.org\/{rel}","templated":true}]}}