{"id":92302,"date":"2017-05-15T12:00:39","date_gmt":"2017-05-15T11:00:39","guid":{"rendered":"https:\/\/www.transcend.org\/tms\/?p=92302"},"modified":"2017-05-12T12:54:56","modified_gmt":"2017-05-12T11:54:56","slug":"italiano-politica-fantastica-intervista-satira","status":"publish","type":"post","link":"https:\/\/www.transcend.org\/tms\/2017\/05\/italiano-politica-fantastica-intervista-satira\/","title":{"rendered":"(Italiano) Politica: Fantastica  Intervista (Satira)"},"content":{"rendered":"<p>&#8211; Mi rallegro, Presidente, lei ha stravinto&#8230;.<\/p>\n<p>&#8211; Ma cosa c&#8217;\u00e8 da rallegrarsi, le pare una cosa allegra?<\/p>\n<p>&#8211; Come dice, scusi?<\/p>\n<p>&#8211; Dico che \u00e8 un incarico, non un gioco. Poi non \u00e8 il caso di parlare di vittoria.<\/p>\n<p>&#8211; E perch\u00e9, scusi, lei ha vinto di gran lunga.<\/p>\n<p>&#8211; Non dica &#8220;vinto&#8221;. La democrazia \u00e8 il contrario della guerra. Vincere vuol dire incatenare. Io non ho incatenato gli altri candidati, tanto pi\u00f9 che ora ho un gran bisogno di loro. Dica che \u00e8 passata la proposta del mio partito perch\u00e9 una maggioranza di cittadini ha avuto fiducia in noi e nel nostro programma.<\/p>\n<p>&#8211; Ma per lei \u00e8 un grande onore.<\/p>\n<p>&#8211; Certo \u00e8 meglio meritare la stima che la disistima dei concittadini. Vorrei non deluderli. Ma un incarico \u00e8 un peso, un compito, non un onore. L&#8217;onore verr\u00e0 dopo, se avr\u00f2 fatto bene. Sono alla partenza, non all&#8217;arrivo.<\/p>\n<p>&#8211; Che cosa promette ai cittadini?<\/p>\n<p>&#8211; Di impegnarmi e di sbagliare. Intendo mantenere la prima promessa. Della seconda sono certo.<\/p>\n<p>&#8211; Ma cosa dice, Presidente?<\/p>\n<p>&#8211; Dico che ho la volont\u00e0 sincera di impegnare tutte le mie possibilit\u00e0 e che essendo fallibile certamente sbaglier\u00f2 pi\u00f9 di una volta. Eviter\u00f2 decisioni irreversibili e quindi spero di fare errori correggibili o da me o da altri.<\/p>\n<p>&#8211; Ma lei fa l&#8217;opposizione a se stesso!<\/p>\n<p>&#8211; No, non vorrei proprio togliere alla minoranza questo lavoro necessario, complementare a quello di chi ha la responsabilit\u00e0 esecutiva. Dico solo i miei limiti, che sono quelli di tutti, anche i suoi nel fare giornalismo, scusi. Del resto, Kant insegna che \u00e8 meglio farsi da soli le difficolt\u00e0&#8230;<\/p>\n<p>&#8211; Qual \u00e8 il primo problema che affronter\u00e0?<\/p>\n<p>&#8211; Quello educativo. Nella scuola, nella televisione. Tutte le idee dovranno poter esprimersi, purch\u00e9 nel dialogo costruttivo e rispettoso. La scuola \u00e8 pi\u00f9 importante dell&#8217;industria. Un garante degli ascoltatori toglier\u00e0 l&#8217;audio a chi usa l&#8217;insulto in tv. Per fare tv, dal direttore all&#8217;ultimo cameraman, ci vorr\u00e0 una patente. Chi violer\u00e0 le regole deontologiche cambier\u00e0 mestiere. Dobbiamo offrire ai giovani una via umana alla vita.<\/p>\n<p>&#8211; Ma c&#8217;\u00e8 la crisi economica.<\/p>\n<p>&#8211; Ha ragione, ci sono i disoccupati. Non \u00e8 solo un problema di necessit\u00e0 vitali. Una societ\u00e0 che non offre lavoro a tutti butta via il suo patrimonio migliore e insostituibile. \u00c8 peggio di un passivo finanziario. Il lavoro \u00e8 la prima risorsa e il principale prodotto, perch\u00e9 la pi\u00f9 grande libert\u00e0 delle persone \u00e8 esprimersi con la propria attivit\u00e0 per la crescita umana di tutti. Questo \u00e8 diritto di tutti. Il lavoro deve essere distribuito fra tutti.<\/p>\n<p>&#8211; Come otterr\u00e0 maggiori entrate del fisco?<\/p>\n<p>&#8211; Tasseremo quanto basta, senza limite, i prodotti di lusso, via via di meno quelli superflui, per detassare i consumi necessari. Puniremo l&#8217;evasione fiscale come furto aggravato. Taglieremo subito molte spese di rappresentanza superflue.<\/p>\n<p>&#8211; Ma cos\u00ec certe industrie falliranno.<\/p>\n<p>&#8211; Saranno agevolate nel convertirsi a produzioni utili a noi o ad altri popoli. Ma l&#8217;obiettivo maggiore sar\u00e0 educarci a saggi e sobri consumi con l&#8217;informazione corretta, perch\u00e9 la Terra \u00e8 unica e sfruttarla come si fa oggi \u00e8 stupido e delittuoso.<\/p>\n<p>&#8211; Presidente, lei \u00e8 di origine africana?<\/p>\n<p>&#8211; S\u00ec, sono cittadino italiano, ma mio nonno, durante la guerra di Etiopia, gloriosamente disert\u00f2 appena cap\u00ec che era un&#8217;aggressione criminale, fu protetto dalla popolazione abissina, am\u00f2 e spos\u00f2 una bellissima ragazza, mia nonna. Mio padre \u00e8 quasi nero, io sono pi\u00f9 scuro di lui, perch\u00e9 mia madre \u00e8 nera sudafricana.<\/p>\n<p>&#8211; Pu\u00f2 riassumere in un motto il suo pensiero politico?<\/p>\n<p>&#8211; S\u00ec, con le parole di un uomo giusto, che lei ricorder\u00e0: \u00abSvuotare gli arsenali, riempire i granai\u00bb. E questo subito, noi per primi, perch\u00e9 possa avvenire presto in tutto il mondo.<\/p>\n<p>&#8211; Non le pare un programma un po&#8217; utopistico?<\/p>\n<p>&#8211; Utopico, non utopistico. Utopico perch\u00e9 non \u00e8 ancora stato fatto, ma si pu\u00f2 fare. I miei consiglieri e collaboratori sono preparati e capaci di articolare in passi concreti, successivi e coerenti questo programma.<\/p>\n<p>&#8211; Lei pensa di essere seguito dal popolo?<\/p>\n<p>&#8211; Io non voglio essere seguito, ma preceduto. Non sono un condottiero, non sono un duce. Mi hanno scelto conoscendo le mie idee, quindi certamente si aspettano che le metta in pratica. Ma non seguono me. Mi hanno solo incaricato di eseguire questo programma. \u00c8 un cammino di noi tutti ed \u00e8 necessario al futuro dell&#8217;umanit\u00e0.<\/p>\n<p>&#8211; Quale sar\u00e0 la maggiore difficolt\u00e0 che incontrer\u00e0?<\/p>\n<p>&#8211; Temo che l&#8217;ostacolo maggiore siano i piccoli orizzonti, l&#8217;assenza di utopie. Ho proposto un obiettivo ambizioso, capace di riempire di nobili scopi umani la vita di un popolo, per generazioni. Credo che avere un grande scopo sia il primo bisogno dei giovani e di tutto un popolo, come l&#8217;aria per un singolo vivente.<\/p>\n<p>&#8211; Auguri, Presidente.<\/p>\n<p>&#8211; Grazie. La prego di tornare a riferirmi le difficolt\u00e0 e obiezioni che rileva nell&#8217;opinione pubblica, specialmente in coloro che non hanno opportunit\u00e0 di esprimersi, perch\u00e9 io devo rispondere al compito datomi, se sar\u00f2 in grado. Altrimenti restituir\u00f2 l&#8217;incarico all&#8217;Assemblea.<\/p>\n<p>&#8211; Presidente, anche in questo caso, che davvero non mi auguro, avremo tutti imparato qualcosa.<\/p>\n<p>_______________________________________<\/p>\n<p><em>L&#8217;autore di questa intervista conferma che essa \u00e8 inventata parola per parola. Il personaggio intervistato n\u00e9 smentisce n\u00e9 ammette, perch\u00e9 non esiste. Non esiste ancora.<\/em><\/p>\n<p><em>In Enrico Peyretti, <\/em>La politica \u00e8 pace<em>, Cittadella editrice, Assisi 1998, pp. 66-70 &#8211; da Rocca, 15 giugno 1995<\/em><\/p>\n<p style=\"padding-left: 30px;\"><a href=\"https:\/\/www.transcend.org\/tms\/wp-content\/uploads\/2017\/05\/enrico-peyretti.jpeg\" ><img loading=\"lazy\" decoding=\"async\" class=\"alignleft wp-image-92303\" src=\"https:\/\/www.transcend.org\/tms\/wp-content\/uploads\/2017\/05\/enrico-peyretti.jpeg\" alt=\"\" width=\"100\" height=\"100\" \/><\/a><em>Enrico Peyretti<\/em> <em>\u00e8 membro della <\/em><em><a href=\"https:\/\/www.transcend.org\/\" >Rete TRANSCEND per la Pace, Sviluppo e Ambiente<\/a><\/em><em>.<\/em><\/p>\n","protected":false},"excerpt":{"rendered":"<p>&#8211; Mi rallegro, Presidente, lei ha stravinto&#8230;.<br \/>\n&#8211; Ma cosa c&#8217;\u00e8 da rallegrarsi, le pare una cosa allegra?<br \/>\n&#8211; Come dice, scusi?<br \/>\n&#8211; Dico che \u00e8 un incarico, non un gioco. Poi non \u00e8 il caso di parlare di vittoria.<\/p>\n","protected":false},"author":4,"featured_media":0,"comment_status":"open","ping_status":"closed","sticky":false,"template":"","format":"standard","meta":{"footnotes":""},"categories":[46],"tags":[],"class_list":["post-92302","post","type-post","status-publish","format-standard","hentry","category-original-languages"],"_links":{"self":[{"href":"https:\/\/www.transcend.org\/tms\/wp-json\/wp\/v2\/posts\/92302","targetHints":{"allow":["GET"]}}],"collection":[{"href":"https:\/\/www.transcend.org\/tms\/wp-json\/wp\/v2\/posts"}],"about":[{"href":"https:\/\/www.transcend.org\/tms\/wp-json\/wp\/v2\/types\/post"}],"author":[{"embeddable":true,"href":"https:\/\/www.transcend.org\/tms\/wp-json\/wp\/v2\/users\/4"}],"replies":[{"embeddable":true,"href":"https:\/\/www.transcend.org\/tms\/wp-json\/wp\/v2\/comments?post=92302"}],"version-history":[{"count":0,"href":"https:\/\/www.transcend.org\/tms\/wp-json\/wp\/v2\/posts\/92302\/revisions"}],"wp:attachment":[{"href":"https:\/\/www.transcend.org\/tms\/wp-json\/wp\/v2\/media?parent=92302"}],"wp:term":[{"taxonomy":"category","embeddable":true,"href":"https:\/\/www.transcend.org\/tms\/wp-json\/wp\/v2\/categories?post=92302"},{"taxonomy":"post_tag","embeddable":true,"href":"https:\/\/www.transcend.org\/tms\/wp-json\/wp\/v2\/tags?post=92302"}],"curies":[{"name":"wp","href":"https:\/\/api.w.org\/{rel}","templated":true}]}}