{"id":97091,"date":"2017-08-14T12:01:16","date_gmt":"2017-08-14T11:01:16","guid":{"rendered":"https:\/\/www.transcend.org\/tms\/?p=97091"},"modified":"2017-08-14T10:44:01","modified_gmt":"2017-08-14T09:44:01","slug":"portugues-a-terra-entrou-no-cheque-especial-o-ser-humano-sata-da-terra","status":"publish","type":"post","link":"https:\/\/www.transcend.org\/tms\/2017\/08\/portugues-a-terra-entrou-no-cheque-especial-o-ser-humano-sata-da-terra\/","title":{"rendered":"(Portugu\u00eas) A Terra entrou no cheque especial: O ser humano, Sat\u00e3 da Terra"},"content":{"rendered":"<p><em>13 ago 2017 &#8211; <\/em>No dia 2 de agosto de 2017 ocorreu um fato preocupante para a humanidade e para cada um individualmente. Foi o dia da chamada \u201cSobrecarga da Terra\u201d (Overshoot Day). Quer dizer: foi o dia em que gastamos todos os bens e servi\u00e7os naturais, b\u00e1sicos para sustentar a vida. Est\u00e1vamos no verde e agora entramos no vermelho ou no cheque especial. O que gastaremos daqui para frente ser\u00e1 violentamente arrancado da Terra para atendermos as indispens\u00e1veis demandas humanas e, o que \u00e9 pior, manter o n\u00edvel de consumo perdul\u00e1rio dos pa\u00edses ricos.<\/p>\n<p>A esse fato se costuma chamar de \u201cPegada Ecol\u00f3gica da Terra\u201d. Por ela, se mede a quantidade de terra f\u00e9rtil e de mar necess\u00e1rios para gerar os meios de vida indispens\u00e1veis como \u00e1gua, gr\u00e3os, carnes, peixes, fibras, madeira, energia renov\u00e1vel e outros mais. Dispomos de 12 bilh\u00f5es de hectares de terra f\u00e9rtil (florestas, pastagens, cultivos) mas, na verdade, precisar\u00edamos de 20 bilh\u00f5es.<\/p>\n<p>Como cobrir este deficit de 8 bilh\u00f5es? Sugando mais e mais a Terra\u2026.mas at\u00e9 quando? Estamos lentamente descapitalizando a M\u00e3e Terra. N\u00e3o sabemos quando acontecer\u00e1 seu colapso. Mas a continuar com o n\u00edvel de consumo e desperd\u00edcio dos pa\u00edses opulentos, ele vir\u00e1 com consequ\u00eancias nefastas para todos.<\/p>\n<p>Quando falamos de hectares de terra, n\u00e3o pensamos apenas no solo, mas tudo o que ele nos permite produzir, como por exemplo, madeiras para m\u00f3veis, roupas de algod\u00e3o, tinturas, princ\u00edpios ativos naturais para a medicina, minerais e outros.<\/p>\n<p>Na m\u00e9dia, cada pessoa precisaria para a sua sobreviv\u00eancia 1.7 hectar de terra. Quase medade da humanidade (43%) est\u00e1 abaixo disso como os pa\u00edses onde grassa a fome: a Eritr\u00e9ia com a pegada ecol\u00f3gica de 0, 4 hectares, Bengladesch com 0,7, o Brasil, acima da m\u00e9dia mundial com 2.9. 54% da popula\u00e7\u00e3o mundial est\u00e1 muito al\u00e9m de suas necessidades como os USA com 8,6 hectares, o Canad\u00e1 8,2, Luxemburgo com 15,8, It\u00e1lia com 4,6 e \u00cdndia1,2.<\/p>\n<p>Essa Sobrecarga Ecol\u00f3gica \u00e9 um empr\u00e9stimo que estamos tomando das gera\u00e7\u00f5es futuras para o nosso uso e desfrute atual. E quando chegar a vez deles, em que condi\u00e7\u00f5es v\u00e3o satisfazer suas necessiades de alimento, \u00e1gua, fibras, gr\u00e3os, carnes e madeira? Poder\u00e3o herdar um planeta depauperado.<\/p>\n<p>Tememos que, nossos descendentes, olhando para tr\u00e1s, acabem nos amaldi\u00e7oando: \u201cvoc\u00eas n\u00e3o pensaram nos seus filhos, netos e bisnetos; n\u00e3o souberam poupar e desenvolver um consumo s\u00f3brio e frugal para que da Terra restasse algo de bom para n\u00f3s, mas n\u00e3o s\u00f3 para n\u00f3s, mas tamb\u00e9m para todos os seres vivos que precisam daquilo que n\u00f3s preciamos\u201d? Isso nos faz lembrar as palavras do ind\u00edgena Seatle:\u201dSe todos os animais se acabassem, o ser humano morreria de solid\u00e3o de esp\u00edrito, porque tudo o que acontece aos animais, logo acontecer\u00e1 tamb\u00e9m com o ser humano pois, tudo est\u00e1 inter-relaciondo.\u201d<\/p>\n<p>O que vigora no mundo \u00e9 uma perversa injusti\u00e7a social, cruel e desapiedada: 15% dos que vivem nas regi\u00f5es opulentas do Norte do planeta disp\u00f5e de 75% dos bens e servi\u00e7os naturais e 40% da terra f\u00e9rtil. Alguns milh\u00f5es, quais c\u00e3es fam\u00e9licos, devem esperar as migalhas que caem de suas bem servidas mesas .<\/p>\n<p>Na verdade, a \u201cSobrecarga da Terra\u201d resulta do tipo de economia delapidadora das \u201cbondades da natureza\u201d como falam os andinos, desflorestando, poluindo \u00e1guas e solos, empobrecendo ecossistemas e erodindo a biodiversidade. Esses efeitos s\u00e3o considerados \u201cexternalidades\u201d que n\u00e3o afetam o lucro e n\u00e3o entram na contailiade empresarial. Mas afetam a vida presente e futura.<\/p>\n<p>O eco-economista Ladislau Dowbor da PUC-SP em seu livro \u201cDemocracia econ\u00f4mica\u201d(Vozes 2008) em claras palavras resume o problema em tela:\u201dParece bastante absurdo mas o essencial da teoria econ\u00f4mica com a qual trabalhamos n\u00e3o considera a descapitaliza\u00e7\u00e3o do planeta. Na pr\u00e1tica, em economia dom\u00e9stica, seria como se sobreviv\u00e9ssemos vendendo os m\u00f3veis, a prata da casa, e ach\u00e1ssemos que com este dinheiro a vida est\u00e1 boa, e que portanto estar\u00edamos administrando bem a nossa casa. Estamos destruindo o solo, a \u00e1gua, a vida nos mares, a cobertura vegeral, as reservas de petr\u00f3leo, a cobertura de oz\u00f4nio, o pr\u00f3prio clima, mas o que contabilizamos \u00e9 apenas a taxa de crescimento\u201d(p.123).<\/p>\n<p>Essa \u00e9 a l\u00f3gica vigente da atual economia de mercado neoliberal, irracional e suicid\u00e1ria. Radicalizando eu diria: o ser humano est\u00e1 se revelando o Sat\u00e3 da Terra e n\u00e3o o seu anjo da guarda.<\/p>\n<p>_______________________________________<\/p>\n<p style=\"padding-left: 30px;\"><a href=\"https:\/\/www.transcend.org\/tms\/wp-content\/uploads\/2017\/08\/leonardo-boff.jpg\" ><img loading=\"lazy\" decoding=\"async\" class=\"alignleft size-thumbnail wp-image-96488\" src=\"https:\/\/www.transcend.org\/tms\/wp-content\/uploads\/2017\/08\/leonardo-boff-150x150.jpg\" alt=\"\" width=\"150\" height=\"150\" \/><\/a><em>Leonardo Boff \u00e9 um escritor, te\u00f3logo e fil\u00f3sofo brasileiro, professor em\u00e9rito de \u00e9tica e filosofia da religi\u00e3o da Universidade do Estado do Rio de Janeiro, recebedor do <\/em><strong><em>Pr\u00eamio Nobel Alternativo da Paz<\/em><\/strong><em> do Parlamento sueco [<\/em><strong><em>Right Livelihood Award<\/em><\/strong><em>]em 2001, membro da Iniciativa Internacional da Carta da Terra, e professor visitante em v\u00e1rias universidades estrangeiras como Basel, Heidelberg, Harvard, Lisboa e Salamanca. Expoente da <\/em><em><a target=\"_blank\" href=\"http:\/\/pt.wikipedia.org\/wiki\/Teologia_da_Liberta%C3%A7%C3%A3o\" >Teologia da Liberta\u00e7\u00e3o<\/a><\/em><em> no Brasil, foi membro da Ordem dos Frades Menores, mais conhecidos como Franciscanos. \u00c9 respeitado pela sua hist\u00f3ria de defesa pelas causas sociais e atualmente debate tamb\u00e9m quest\u00f5es ambientais. Colunista do <\/em>Jornal do Brasil<em>, escreveu os livros<\/em> Francisco de Assis: Ternura e Vigor, <em>Vozes 2000; <\/em>\u00a0A Terra na palma da m\u00e3o: uma nova vis\u00e3o do planeta e da humanidade<em>,Vozes 2016;\u00a0 <\/em>Cuidar da Terra \u2013 proteger a vida: como escapar do fim do mundo<em>, Record 2010; <\/em>\u00a0<em>A hospitalidade: direito e dever de todos, <\/em><em>Vozes 2005; e <\/em>Paix\u00e3o de Cristo, paix\u00e3o do mundo, <em>Vozes 2001<\/em>.<\/p>\n<p><a target=\"_blank\" href=\"https:\/\/leonardoboff.wordpress.com\/2017\/08\/13\/a-terra-entrou-no-cheque-especial-o-ser-humano-sata-da-terra\/\" >Go to Original \u2013 leonardoboff.wordpress.com<\/a><\/p>\n","protected":false},"excerpt":{"rendered":"<p>13 ago 2017 &#8211; No dia 2 de agosto de 2017 ocorreu um fato preocupante para a humanidade e para cada um individualmente. Foi o dia da chamada \u201cSobrecarga da Terra\u201d (Overshoot Day). Quer dizer: foi o dia em que gastamos todos os bens e servi\u00e7os naturais, b\u00e1sicos para sustentar a vida. Est\u00e1vamos no verde e agora entramos no vermelho ou no cheque especial.<\/p>\n","protected":false},"author":4,"featured_media":0,"comment_status":"open","ping_status":"closed","sticky":false,"template":"","format":"standard","meta":{"footnotes":""},"categories":[46],"tags":[],"class_list":["post-97091","post","type-post","status-publish","format-standard","hentry","category-original-languages"],"_links":{"self":[{"href":"https:\/\/www.transcend.org\/tms\/wp-json\/wp\/v2\/posts\/97091","targetHints":{"allow":["GET"]}}],"collection":[{"href":"https:\/\/www.transcend.org\/tms\/wp-json\/wp\/v2\/posts"}],"about":[{"href":"https:\/\/www.transcend.org\/tms\/wp-json\/wp\/v2\/types\/post"}],"author":[{"embeddable":true,"href":"https:\/\/www.transcend.org\/tms\/wp-json\/wp\/v2\/users\/4"}],"replies":[{"embeddable":true,"href":"https:\/\/www.transcend.org\/tms\/wp-json\/wp\/v2\/comments?post=97091"}],"version-history":[{"count":0,"href":"https:\/\/www.transcend.org\/tms\/wp-json\/wp\/v2\/posts\/97091\/revisions"}],"wp:attachment":[{"href":"https:\/\/www.transcend.org\/tms\/wp-json\/wp\/v2\/media?parent=97091"}],"wp:term":[{"taxonomy":"category","embeddable":true,"href":"https:\/\/www.transcend.org\/tms\/wp-json\/wp\/v2\/categories?post=97091"},{"taxonomy":"post_tag","embeddable":true,"href":"https:\/\/www.transcend.org\/tms\/wp-json\/wp\/v2\/tags?post=97091"}],"curies":[{"name":"wp","href":"https:\/\/api.w.org\/{rel}","templated":true}]}}