{"id":97543,"date":"2017-08-28T12:02:29","date_gmt":"2017-08-28T11:02:29","guid":{"rendered":"https:\/\/www.transcend.org\/tms\/?p=97543"},"modified":"2017-08-25T14:43:34","modified_gmt":"2017-08-25T13:43:34","slug":"portugues-brasil-situacao-legal-dos-direitos-minerarios-da-reserva-nacional-do-cobre-renca","status":"publish","type":"post","link":"https:\/\/www.transcend.org\/tms\/2017\/08\/portugues-brasil-situacao-legal-dos-direitos-minerarios-da-reserva-nacional-do-cobre-renca\/","title":{"rendered":"(Portugu\u00eas) Amazonas: Situa\u00e7\u00e3o Legal dos Direitos Miner\u00e1rios da Reserva Nacional do Cobre (RENCA)"},"content":{"rendered":"<blockquote>\n<h2><strong>Relat\u00f3rio T\u00e9cnico 2017<\/strong><\/h2>\n<\/blockquote>\n<p>Desde 2015 est\u00e3o sendo veiculadas diversas not\u00edcias a respeito da extin\u00e7\u00e3o da <strong>Reserva Nacional de Cobre e seus Associados (RENCA)<\/strong>, como forma de atra\u00e7\u00e3o de investimentos para o setor mineral. Criada em 1984, essa \u00e1rea de bloqueio est\u00e1 situada no limite dos estados do Par\u00e1 e Amap\u00e1 e apresenta \u00e1rea de 47 mil km2, equivalente ao estado do Esp\u00edrito Santo.<\/p>\n<p>Recentemente, atrav\u00e9s da Portaria 128, publicada em 07 de abril de 2017, o Ministro de Minas e Energia fundamentou a inten\u00e7\u00e3o da remo\u00e7\u00e3o do bloqueio e balizou os tr\u00e2mites administrativos para an\u00e1lise dos processos miner\u00e1rios na \u00e1rea compreendida pela RENCA antes de sua cria\u00e7\u00e3o.<\/p>\n<p>O presente relat\u00f3rio apresenta a situa\u00e7\u00e3o legal dos 28 t\u00edtulos outorgados (autoriza\u00e7\u00f5es de pesquisa e concess\u00f5es de lavra) e 154 requerimentos de pesquisa pr\u00e9vios \u00e0 cria\u00e7\u00e3o da reserva que dever\u00e3o ser analisados pelo DNPM (Departamento Nacional de Produ\u00e7\u00e3o Mineral). Esses processos somados, cobrem uma \u00e1rea equivalente a 30% da RENCA.<\/p>\n<p><strong>Continue a ler no pdf original \u2013 <a href=\"https:\/\/www.transcend.org\/tms\/wp-content\/uploads\/2017\/08\/renca_wwf-amazonas-brasil.pdf\" >RENCA: WWF Amazonas Brasil<\/a><br \/>\n<\/strong><\/p>\n","protected":false},"excerpt":{"rendered":"<p>Relat\u00f3rio T\u00e9cnico 2017 &#8211; Desde 2015 est\u00e3o sendo veiculadas diversas not\u00edcias a respeito da extin\u00e7\u00e3o da RENCA como forma de atra\u00e7\u00e3o de investimentos para o setor mineral. Criada em 1984, essa \u00e1rea de bloqueio est\u00e1 situada no limite dos estados do Par\u00e1 e Amap\u00e1 e apresenta \u00e1rea de 47 mil km2, equivalente ao estado do Esp\u00edrito Santo.<\/p>\n","protected":false},"author":4,"featured_media":0,"comment_status":"open","ping_status":"closed","sticky":false,"template":"","format":"standard","meta":{"footnotes":""},"categories":[46],"tags":[],"class_list":["post-97543","post","type-post","status-publish","format-standard","hentry","category-original-languages"],"_links":{"self":[{"href":"https:\/\/www.transcend.org\/tms\/wp-json\/wp\/v2\/posts\/97543","targetHints":{"allow":["GET"]}}],"collection":[{"href":"https:\/\/www.transcend.org\/tms\/wp-json\/wp\/v2\/posts"}],"about":[{"href":"https:\/\/www.transcend.org\/tms\/wp-json\/wp\/v2\/types\/post"}],"author":[{"embeddable":true,"href":"https:\/\/www.transcend.org\/tms\/wp-json\/wp\/v2\/users\/4"}],"replies":[{"embeddable":true,"href":"https:\/\/www.transcend.org\/tms\/wp-json\/wp\/v2\/comments?post=97543"}],"version-history":[{"count":0,"href":"https:\/\/www.transcend.org\/tms\/wp-json\/wp\/v2\/posts\/97543\/revisions"}],"wp:attachment":[{"href":"https:\/\/www.transcend.org\/tms\/wp-json\/wp\/v2\/media?parent=97543"}],"wp:term":[{"taxonomy":"category","embeddable":true,"href":"https:\/\/www.transcend.org\/tms\/wp-json\/wp\/v2\/categories?post=97543"},{"taxonomy":"post_tag","embeddable":true,"href":"https:\/\/www.transcend.org\/tms\/wp-json\/wp\/v2\/tags?post=97543"}],"curies":[{"name":"wp","href":"https:\/\/api.w.org\/{rel}","templated":true}]}}